{"id":31401,"date":"2019-02-19T16:26:21","date_gmt":"2019-02-19T15:26:21","guid":{"rendered":"https:\/\/www.gabrielefani.com\/?p=31401"},"modified":"2020-04-02T16:18:32","modified_gmt":"2020-04-02T14:18:32","slug":"esprimi-pienamente-il-tuo-amore-con-le-foto-del-fidanzamento-e-del-matrimonio-a-firenze","status":"publish","type":"post","link":"https:\/\/www.gabrielefani.com\/it\/esprimi-pienamente-il-tuo-amore-con-le-foto-del-fidanzamento-e-del-matrimonio-a-firenze\/","title":{"rendered":"Esprimi pienamente il tuo amore con le foto del fidanzamento e del matrimonio a Firenze"},"content":{"rendered":"<p class=\"p1\"><span class=\"s1\">Il tuo matrimonio segna uno dei giorni pi\u00f9 importanti della tua vita &#8211; ecco perch\u00e9 inizi a sognarlo quando ancora sei solo un bambino. Questo \u00e8 anche il motivo per cui vuoi che sia assolutamente perfetto e indimenticabile.<\/span><\/p>\n<p class=\"p1\"><span class=\"s1\"><b>Le foto del matrimonio<\/b> sono cruciali: possono immortalare ogni gesto significativo, cogliendo l&#8217;attimo e aiutandoti a ricordarlo per sempre. Certo, una buona armonia con il tuo fotografo \u00e8 fondamentale &#8211; e puoi ottenerlo anche facendo <b>foto pre-matrimoniali.<\/b><\/span><\/p>\n<p class=\"p1\"><span class=\"s1\">Questo \u00e8 ci\u00f2 che hanno fatto Elizabeth e Clyde: lascia che ti racconti la loro storia&#8230;<\/span><\/p>\n<h2 class=\"p2\"><span class=\"s1\"><b>Foto pre matrimoniali a Firenze all\u2019alba<\/b><\/span><\/h2>\n<p class=\"p1\"><span class=\"s1\">Elizabeth e Clyde sono un&#8217;elegante coppia americana, abituati a viaggiare per il mondo visto che la sposa \u00e8 una concertista di pianoforte internazionale.<\/span><\/p>\n<p class=\"p1\"><span class=\"s1\">Li ho incontrati per la prima volta quando sono venuti a Firenze a marzo, per ispezionare il luogo scelto per il loro matrimonio: la <b>deliziosa Villa le Fontanelle.<\/b> In quell&#8217;occasione, ci siamo goduti anche una Firenze vuota e tranquilla all&#8217;alba &#8211; che ci ha dato l&#8217;opportunit\u00e0 di scattare molte <b>foto pre-matrimonio dolci e sognanti.<\/b><\/span><\/p>\n<p class=\"p1\"><span class=\"s1\">Questo \u00e8 indubbiamente il modo migliore per il fotografo e per gli sposi di conoscersi a vicenda oltre ad essere un ottimo modo per crogiolarsi nel proprio amore reciproco senza dover pensare ad altro\u2026<\/span><\/p>\n<h2 class=\"p2\"><span class=\"s1\"><b>Foto di matrimonio spettacolari a Villa le Fontanelle<\/b><\/span><\/h2>\n<p class=\"p1\"><span class=\"s1\">Poi \u00e8 arrivato il matrimonio &#8211; ed \u00e8 stato fantastico.<\/span><\/p>\n<p class=\"p1\"><span class=\"s1\">La cerimonia si \u00e8 svolta presso la <b>chiesa unica e intima di San Marco, nel cuore di Firenze:<\/b> una cerimonia molto emozionante dove sono state versate lacrime di gioia e sono stati scambiati sguardi d&#8217;amore&#8230;<\/span><\/p>\n<p class=\"p1\"><span class=\"s1\">Dopo la cerimonia abbiamo fatto alcune foto romantiche a Ponte Vecchio, poi ci siamo trasferiti nel meraviglioso parco di Villa le Fontanelle, <b>per immortalare la felicit\u00e0 degli sposi e il fascino della campagna toscana fiorentina.<\/b><\/span><\/p>\n<p class=\"p1\"><span class=\"s1\">L&#8217;intero ricevimento alla Villa Le Fontanelle \u00e8 stato incredibile: la delicata eleganza delle decorazioni, il lancio di petali di fiori quando sono arrivati \u200b\u200bgli sposi e l&#8217;atmosfera generale si \u00e8 riempita di divertimento ed emozioni.<\/span><\/p>\n<p class=\"p1\"><span class=\"s1\">L&#8217;evento pi\u00f9 toccante? <b>L&#8217;esibizione di Elizabeth al pianoforte,<\/b> sicuramente. Prima ha suonato con il suo amico d&#8217;infanzia e il suo compagno musicale Greg, poi l&#8217;ha fatto da sola &#8211; dedicando il pezzo a suo marito. <b>Uno straordinario momento da immortalare per ricordi indimenticabili da custodire nel tempo.<\/b> E ovviamente non ho potuto fare a meno di assaporare le esilaranti danze che Elizabeth e Clyde avevano con i propri genitori, cos\u00ec come i teneri discorsi di amici e familiari.<\/span><\/p>\n<p class=\"p1\"><span class=\"s1\">Incontrare Elizabeth e Clyde e avere la possibilit\u00e0 di scattare i loro ricordi che ameranno per sempre, \u00e8 stato un vero piacere.<\/span><\/p>\n<p class=\"p1\"><span class=\"s1\">Se desideri anche avere <b>foto pre-matrimoniali e di nozze che ti consentano di esprimere pienamente il tuo amore<\/b> reciproco, non esitare a contattarmi: sarei onorato di essere il tuo fotografo!<\/span><\/p>\n<p><iframe loading=\"lazy\" src=\"https:\/\/www.youtube.com\/embed\/ea-N-IYMr-o?rel=0&amp;showinfo=0\" width=\"900\" height=\"509\" frameborder=\"0\" allowfullscreen=\"allowfullscreen\"><\/iframe><\/p>\n<div id='gallery-1' class='gallery galleryid-31401 gallery-columns-1 gallery-size-full'><figure class='gallery-item'>\n\t\t\t<div class='gallery-icon landscape'>\n\t\t\t\t<a href='https:\/\/www.gabrielefani.com\/wp-content\/uploads\/2019\/02\/001-Charming-sunrise-engagement-photo-shoot-Florence.jpg'><img loading=\"lazy\" decoding=\"async\" width=\"1800\" height=\"1200\" src=\"https:\/\/www.gabrielefani.com\/wp-content\/uploads\/2019\/02\/001-Charming-sunrise-engagement-photo-shoot-Florence.jpg\" class=\"attachment-full size-full\" alt=\"Splendido e affascinante servizio fotografico di fidanzamento prematrimoniale all&#039;alba a Firenze con Ponte Vecchio sullo sfondo\" aria-describedby=\"gallery-1-24773\" \/><\/a>\n\t\t\t<\/div>\n\t\t\t\t<figcaption class='wp-caption-text gallery-caption' id='gallery-1-24773'>\n\t\t\t\tSplendido e affascinante servizio fotografico di fidanzamento prematrimoniale all&#8217;alba a Firenze con Ponte Vecchio sullo sfondo. Foto scattata dal fotografo di ritratti di coppia di fidanzati elegante e classico italiano con sede in Toscana, Firenze Gabriele Fani\n\t\t\t\t<\/figcaption><\/figure><figure class='gallery-item'>\n\t\t\t<div class='gallery-icon landscape'>\n\t\t\t\t<a href='https:\/\/www.gabrielefani.com\/wp-content\/uploads\/2019\/02\/002-Elizabeth-Clyde-wedding.jpg'><img loading=\"lazy\" decoding=\"async\" width=\"1800\" height=\"1200\" src=\"https:\/\/www.gabrielefani.com\/wp-content\/uploads\/2019\/02\/002-Elizabeth-Clyde-wedding.jpg\" class=\"attachment-full size-full\" alt=\"\" \/><\/a>\n\t\t\t<\/div><\/figure><figure class='gallery-item'>\n\t\t\t<div class='gallery-icon landscape'>\n\t\t\t\t<a href='https:\/\/www.gabrielefani.com\/wp-content\/uploads\/2019\/02\/003-Elizabeth-Clyde-wedding.jpg'><img loading=\"lazy\" decoding=\"async\" width=\"1800\" height=\"827\" src=\"https:\/\/www.gabrielefani.com\/wp-content\/uploads\/2019\/02\/003-Elizabeth-Clyde-wedding.jpg\" class=\"attachment-full size-full\" alt=\"\" \/><\/a>\n\t\t\t<\/div><\/figure><figure class='gallery-item'>\n\t\t\t<div class='gallery-icon landscape'>\n\t\t\t\t<a href='https:\/\/www.gabrielefani.com\/wp-content\/uploads\/2019\/02\/004-Elizabeth-Clyde-wedding.jpg'><img loading=\"lazy\" decoding=\"async\" width=\"1800\" height=\"1200\" src=\"https:\/\/www.gabrielefani.com\/wp-content\/uploads\/2019\/02\/004-Elizabeth-Clyde-wedding.jpg\" class=\"attachment-full size-full\" alt=\"\" \/><\/a>\n\t\t\t<\/div><\/figure><figure class='gallery-item'>\n\t\t\t<div class='gallery-icon landscape'>\n\t\t\t\t<a href='https:\/\/www.gabrielefani.com\/wp-content\/uploads\/2019\/02\/005-Elizabeth-Clyde-wedding.jpg'><img loading=\"lazy\" decoding=\"async\" width=\"1800\" height=\"1343\" src=\"https:\/\/www.gabrielefani.com\/wp-content\/uploads\/2019\/02\/005-Elizabeth-Clyde-wedding.jpg\" class=\"attachment-full size-full\" alt=\"\" \/><\/a>\n\t\t\t<\/div><\/figure><figure class='gallery-item'>\n\t\t\t<div class='gallery-icon landscape'>\n\t\t\t\t<a href='https:\/\/www.gabrielefani.com\/wp-content\/uploads\/2019\/02\/006-Lovely-Florence-early-morning-photo-session.jpg'><img loading=\"lazy\" decoding=\"async\" width=\"1800\" height=\"1202\" src=\"https:\/\/www.gabrielefani.com\/wp-content\/uploads\/2019\/02\/006-Lovely-Florence-early-morning-photo-session.jpg\" class=\"attachment-full size-full\" alt=\"Goditi l&#039;amore con una sessione fotografica di fidanzamento all&#039;alba a Firenze e cogli l&#039;occasione per costruire i tuoi ricordi con l&#039;intera citt\u00e0 ai tuoi piedi\" aria-describedby=\"gallery-1-24783\" \/><\/a>\n\t\t\t<\/div>\n\t\t\t\t<figcaption class='wp-caption-text gallery-caption' id='gallery-1-24783'>\n\t\t\t\tGoditi l&#8217;amore con una sessione fotografica di fidanzamento all&#8217;alba a Firenze e cogli l&#8217;occasione per costruire i tuoi ricordi con l&#8217;intera citt\u00e0 ai tuoi piedi. Foto del fotografo di ritratti di coppia di fidanzamento italiano elegante e classico in Toscana con base a Firenze Gabriele Fani\n\t\t\t\t<\/figcaption><\/figure><figure class='gallery-item'>\n\t\t\t<div class='gallery-icon landscape'>\n\t\t\t\t<a href='https:\/\/www.gabrielefani.com\/wp-content\/uploads\/2019\/02\/007-Bride-groom-pre-wedding-sunrise-photo-shoot-Florence.jpg'><img loading=\"lazy\" decoding=\"async\" width=\"1800\" height=\"1202\" src=\"https:\/\/www.gabrielefani.com\/wp-content\/uploads\/2019\/02\/007-Bride-groom-pre-wedding-sunrise-photo-shoot-Florence.jpg\" class=\"attachment-full size-full\" alt=\"Servizio fotografico romantico per coppie di fidanzati a Firenze all&#039;alba\" aria-describedby=\"gallery-1-24785\" \/><\/a>\n\t\t\t<\/div>\n\t\t\t\t<figcaption class='wp-caption-text gallery-caption' id='gallery-1-24785'>\n\t\t\t\tServizio fotografico romantico per coppie di fidanzati a Firenze all&#8217;alba. Foto del fotografo di ritratti di coppia di fidanzamento italiano elegante e classico in Toscana con base a Firenze Gabriele Fani\n\t\t\t\t<\/figcaption><\/figure><figure class='gallery-item'>\n\t\t\t<div class='gallery-icon landscape'>\n\t\t\t\t<a href='https:\/\/www.gabrielefani.com\/wp-content\/uploads\/2019\/02\/008-Elizabeth-Clyde-wedding.jpg'><img loading=\"lazy\" decoding=\"async\" width=\"1800\" height=\"1202\" src=\"https:\/\/www.gabrielefani.com\/wp-content\/uploads\/2019\/02\/008-Elizabeth-Clyde-wedding.jpg\" class=\"attachment-full size-full\" alt=\"\" \/><\/a>\n\t\t\t<\/div><\/figure><figure class='gallery-item'>\n\t\t\t<div class='gallery-icon landscape'>\n\t\t\t\t<a href='https:\/\/www.gabrielefani.com\/wp-content\/uploads\/2019\/02\/009-Creative-modern-couple-portrait-Florence.jpg'><img loading=\"lazy\" decoding=\"async\" width=\"1800\" height=\"1200\" src=\"https:\/\/www.gabrielefani.com\/wp-content\/uploads\/2019\/02\/009-Creative-modern-couple-portrait-Florence.jpg\" class=\"attachment-full size-full\" alt=\"Ritratto creativo e moderno di coppia al Ponte Vecchio all&#039;alba\" aria-describedby=\"gallery-1-24789\" \/><\/a>\n\t\t\t<\/div>\n\t\t\t\t<figcaption class='wp-caption-text gallery-caption' id='gallery-1-24789'>\n\t\t\t\tRitratto creativo e moderno di coppia al Ponte Vecchio all&#8217;alba. Foto del fotografo di fidanzati italiano elegante e classico in Toscana con base a Firenze Gabriele Fani.\n\t\t\t\t<\/figcaption><\/figure><figure class='gallery-item'>\n\t\t\t<div class='gallery-icon landscape'>\n\t\t\t\t<a href='https:\/\/www.gabrielefani.com\/wp-content\/uploads\/2019\/02\/010-Elizabeth-Clyde-wedding.jpg'><img loading=\"lazy\" decoding=\"async\" width=\"1800\" height=\"1200\" src=\"https:\/\/www.gabrielefani.com\/wp-content\/uploads\/2019\/02\/010-Elizabeth-Clyde-wedding.jpg\" class=\"attachment-full size-full\" alt=\"\" \/><\/a>\n\t\t\t<\/div><\/figure><figure class='gallery-item'>\n\t\t\t<div class='gallery-icon landscape'>\n\t\t\t\t<a href='https:\/\/www.gabrielefani.com\/wp-content\/uploads\/2019\/02\/011-Elizabeth-Clyde-wedding.jpg'><img loading=\"lazy\" decoding=\"async\" width=\"1800\" height=\"1202\" src=\"https:\/\/www.gabrielefani.com\/wp-content\/uploads\/2019\/02\/011-Elizabeth-Clyde-wedding.jpg\" class=\"attachment-full size-full\" alt=\"\" \/><\/a>\n\t\t\t<\/div><\/figure><figure class='gallery-item'>\n\t\t\t<div class='gallery-icon landscape'>\n\t\t\t\t<a href='https:\/\/www.gabrielefani.com\/wp-content\/uploads\/2019\/02\/012-Classic-elegant-couple-portrait-engagement-photo.jpg'><img loading=\"lazy\" decoding=\"async\" width=\"1800\" height=\"1202\" src=\"https:\/\/www.gabrielefani.com\/wp-content\/uploads\/2019\/02\/012-Classic-elegant-couple-portrait-engagement-photo.jpg\" class=\"attachment-full size-full\" alt=\"Ritratto elegante delle coppie nel centro storico di Firenze vicino ad area degli Uffizi e Ponte Vecchio all&#039;alba in una citt\u00e0 deserta\" aria-describedby=\"gallery-1-24795\" \/><\/a>\n\t\t\t<\/div>\n\t\t\t\t<figcaption class='wp-caption-text gallery-caption' id='gallery-1-24795'>\n\t\t\t\tRitratto elegante delle coppie nel centro storico di Firenze vicino ad area degli Uffizi e Ponte Vecchio all&#8217;alba in una citt\u00e0 deserta. Foto del fotografo di fidanzati italiano elegante e classico in Toscana con base a Firenze Gabriele Fani.\n\t\t\t\t<\/figcaption><\/figure><figure class='gallery-item'>\n\t\t\t<div class='gallery-icon landscape'>\n\t\t\t\t<a href='https:\/\/www.gabrielefani.com\/wp-content\/uploads\/2019\/02\/013-Elizabeth-Clyde-wedding.jpg'><img loading=\"lazy\" decoding=\"async\" width=\"1800\" height=\"1342\" src=\"https:\/\/www.gabrielefani.com\/wp-content\/uploads\/2019\/02\/013-Elizabeth-Clyde-wedding.jpg\" class=\"attachment-full size-full\" alt=\"\" \/><\/a>\n\t\t\t<\/div><\/figure><figure class='gallery-item'>\n\t\t\t<div class='gallery-icon landscape'>\n\t\t\t\t<a href='https:\/\/www.gabrielefani.com\/wp-content\/uploads\/2019\/02\/014-Couple-portrait-elegant-picture.jpg'><img loading=\"lazy\" decoding=\"async\" width=\"1800\" height=\"1200\" src=\"https:\/\/www.gabrielefani.com\/wp-content\/uploads\/2019\/02\/014-Couple-portrait-elegant-picture.jpg\" class=\"attachment-full size-full\" alt=\"Session fotografica professionale pre matrimoniale in una Firenze deserta all&#039;alba per un esperienza unica\" aria-describedby=\"gallery-1-24799\" \/><\/a>\n\t\t\t<\/div>\n\t\t\t\t<figcaption class='wp-caption-text gallery-caption' id='gallery-1-24799'>\n\t\t\t\tSession fotografica professionale pre matrimoniale in una Firenze deserta all&#8217;alba per un esperienza unica. Foto del fotografo di ritratti di coppia italiano elegante e classico in Toscana con base a Firenze Gabriele Fani.\n\t\t\t\t<\/figcaption><\/figure><figure class='gallery-item'>\n\t\t\t<div class='gallery-icon landscape'>\n\t\t\t\t<a href='https:\/\/www.gabrielefani.com\/wp-content\/uploads\/2019\/02\/015-Elizabeth-Clyde-wedding.jpg'><img loading=\"lazy\" decoding=\"async\" width=\"1800\" height=\"1202\" src=\"https:\/\/www.gabrielefani.com\/wp-content\/uploads\/2019\/02\/015-Elizabeth-Clyde-wedding.jpg\" class=\"attachment-full size-full\" alt=\"\" \/><\/a>\n\t\t\t<\/div><\/figure><figure class='gallery-item'>\n\t\t\t<div class='gallery-icon landscape'>\n\t\t\t\t<a href='https:\/\/www.gabrielefani.com\/wp-content\/uploads\/2019\/02\/016-Vacation-sunrise-engagement-photo-shoot-Florence.jpg'><img loading=\"lazy\" decoding=\"async\" width=\"1800\" height=\"1200\" src=\"https:\/\/www.gabrielefani.com\/wp-content\/uploads\/2019\/02\/016-Vacation-sunrise-engagement-photo-shoot-Florence.jpg\" class=\"attachment-full size-full\" alt=\"Adoro Piazza della Signoria completamente vuota di turisti. Sessione fotografica all&#039;alba al mattino presto a Firenze\" aria-describedby=\"gallery-1-24803\" \/><\/a>\n\t\t\t<\/div>\n\t\t\t\t<figcaption class='wp-caption-text gallery-caption' id='gallery-1-24803'>\n\t\t\t\tAdoro Piazza della Signoria completamente vuota di turisti. Sessione fotografica all&#8217;alba al mattino presto a Firenze. Foto del fotografo di ritratti di fidanzamento italiano elegante e classico in Toscana con base a Firenze Gabriele Fani.\n\t\t\t\t<\/figcaption><\/figure><figure class='gallery-item'>\n\t\t\t<div class='gallery-icon landscape'>\n\t\t\t\t<a href='https:\/\/www.gabrielefani.com\/wp-content\/uploads\/2019\/02\/017-Elizabeth-Clyde-wedding.jpg'><img loading=\"lazy\" decoding=\"async\" width=\"1800\" height=\"1200\" src=\"https:\/\/www.gabrielefani.com\/wp-content\/uploads\/2019\/02\/017-Elizabeth-Clyde-wedding.jpg\" class=\"attachment-full size-full\" alt=\"\" \/><\/a>\n\t\t\t<\/div><\/figure><figure class='gallery-item'>\n\t\t\t<div class='gallery-icon landscape'>\n\t\t\t\t<a href='https:\/\/www.gabrielefani.com\/wp-content\/uploads\/2019\/02\/018-Couple-photo-Florence-early-morning-shoot.jpg'><img loading=\"lazy\" decoding=\"async\" width=\"1800\" height=\"1202\" src=\"https:\/\/www.gabrielefani.com\/wp-content\/uploads\/2019\/02\/018-Couple-photo-Florence-early-morning-shoot.jpg\" class=\"attachment-full size-full\" alt=\"Servizio fotografico prematrimoniale a Firenze all&#039;alba agli Uffizi nel cuore della citt\u00e0\" aria-describedby=\"gallery-1-24807\" \/><\/a>\n\t\t\t<\/div>\n\t\t\t\t<figcaption class='wp-caption-text gallery-caption' id='gallery-1-24807'>\n\t\t\t\tServizio fotografico prematrimoniale a Firenze all&#8217;alba agli Uffizi nel cuore della citt\u00e0. Foto del fotografo di ritratti di coppia di fidanzamento italiano elegante e classico in Toscana con base a Firenze Gabriele Fani.\n\t\t\t\t<\/figcaption><\/figure><figure class='gallery-item'>\n\t\t\t<div class='gallery-icon landscape'>\n\t\t\t\t<a href='https:\/\/www.gabrielefani.com\/wp-content\/uploads\/2019\/02\/019-Florence-early-morning-couple-portrait-photos.jpg'><img loading=\"lazy\" decoding=\"async\" width=\"1800\" height=\"1344\" src=\"https:\/\/www.gabrielefani.com\/wp-content\/uploads\/2019\/02\/019-Florence-early-morning-couple-portrait-photos.jpg\" class=\"attachment-full size-full\" alt=\"Firenze al sorgere del sole, il momento migliore per approfittare della bellissima citt\u00e0 senza la distrazione dei turisti. Elegante ritratti di coppia in piazza Santa Croce nel cuore di Firenze\" aria-describedby=\"gallery-1-24809\" \/><\/a>\n\t\t\t<\/div>\n\t\t\t\t<figcaption class='wp-caption-text gallery-caption' id='gallery-1-24809'>\n\t\t\t\tFirenze al sorgere del sole, il momento migliore per approfittare della bellissima citt\u00e0 senza la distrazione dei turisti. Elegante ritratti di coppia in piazza Santa Croce nel cuore di Firenze. Foto del fotografo di ritratti di coppia italiano elegante e classico in Toscana con base a Firenze Gabriele Fani.\n\t\t\t\t<\/figcaption><\/figure><figure class='gallery-item'>\n\t\t\t<div class='gallery-icon landscape'>\n\t\t\t\t<a href='https:\/\/www.gabrielefani.com\/wp-content\/uploads\/2019\/02\/020-Couple-portrait-pre-wedding-Santa-Croce-Florence.jpg'><img loading=\"lazy\" decoding=\"async\" width=\"1800\" height=\"1200\" src=\"https:\/\/www.gabrielefani.com\/wp-content\/uploads\/2019\/02\/020-Couple-portrait-pre-wedding-Santa-Croce-Florence.jpg\" class=\"attachment-full size-full\" alt=\"Firenze al sorgere del sole, il momento migliore per approfittare della bellissima citt\u00e0 senza la distrazione dei turisti. Elegante ritratti di coppia in piazza Santa Croce nel cuore di Firenze\" aria-describedby=\"gallery-1-24811\" \/><\/a>\n\t\t\t<\/div>\n\t\t\t\t<figcaption class='wp-caption-text gallery-caption' id='gallery-1-24811'>\n\t\t\t\tFirenze al sorgere del sole, il momento migliore per approfittare della bellissima citt\u00e0 senza la distrazione dei turisti. Elegante ritratti di coppia in piazza Santa Croce nel cuore di Firenze. Foto del fotografo di ritratti di coppia italiano elegante e classico in Toscana con base a Firenze Gabriele Fani.\n\t\t\t\t<\/figcaption><\/figure><figure class='gallery-item'>\n\t\t\t<div class='gallery-icon landscape'>\n\t\t\t\t<a href='https:\/\/www.gabrielefani.com\/wp-content\/uploads\/2019\/02\/021-Vacation-photographer-Florence-pre-wedding.jpg'><img loading=\"lazy\" decoding=\"async\" width=\"1800\" height=\"1200\" src=\"https:\/\/www.gabrielefani.com\/wp-content\/uploads\/2019\/02\/021-Vacation-photographer-Florence-pre-wedding.jpg\" class=\"attachment-full size-full\" alt=\"Costruisci i tuoi ricordi durante le tue vacanze a Firenze. Servizio fotografico di fidanzamento all&#039;alba a San Miniato al Monte vicino a Piazzale Michelangelo\" aria-describedby=\"gallery-1-24813\" \/><\/a>\n\t\t\t<\/div>\n\t\t\t\t<figcaption class='wp-caption-text gallery-caption' id='gallery-1-24813'>\n\t\t\t\tCostruisci i tuoi ricordi durante le tue vacanze a Firenze. Servizio fotografico di fidanzamento all&#8217;alba a San Miniato al Monte vicino a Piazzale Michelangelo. Foto del fotografo Italiano di ritratti di coppia di fidanzati elegante e classico in Toscana con base a Firenze Gabriele Fani.\n\t\t\t\t<\/figcaption><\/figure><figure class='gallery-item'>\n\t\t\t<div class='gallery-icon landscape'>\n\t\t\t\t<a href='https:\/\/www.gabrielefani.com\/wp-content\/uploads\/2019\/02\/022-Classic-elegant-couple-portrait-photography-Florence.jpg'><img loading=\"lazy\" decoding=\"async\" width=\"1800\" height=\"1200\" src=\"https:\/\/www.gabrielefani.com\/wp-content\/uploads\/2019\/02\/022-Classic-elegant-couple-portrait-photography-Florence.jpg\" class=\"attachment-full size-full\" alt=\"Coppia adorabile si godono una Firenze sgombra di turisti all&#039;alba. Servizio fotografico professionale prematrimoniale\" aria-describedby=\"gallery-1-24815\" \/><\/a>\n\t\t\t<\/div>\n\t\t\t\t<figcaption class='wp-caption-text gallery-caption' id='gallery-1-24815'>\n\t\t\t\tCoppia adorabile si godono una Firenze sgombra di turisti all&#8217;alba. Servizio fotografico professionale prematrimoniale. Foto del fotografo Italiano elegante e moderno di ritratti di coppia in Toscana con base a Firenze Gabriele Fani.\n\t\t\t\t<\/figcaption><\/figure><figure class='gallery-item'>\n\t\t\t<div class='gallery-icon landscape'>\n\t\t\t\t<a href='https:\/\/www.gabrielefani.com\/wp-content\/uploads\/2019\/02\/023-Elizabeth-Clyde-wedding.jpg'><img loading=\"lazy\" decoding=\"async\" width=\"1800\" height=\"1202\" src=\"https:\/\/www.gabrielefani.com\/wp-content\/uploads\/2019\/02\/023-Elizabeth-Clyde-wedding.jpg\" class=\"attachment-full size-full\" alt=\"\" \/><\/a>\n\t\t\t<\/div><\/figure><figure class='gallery-item'>\n\t\t\t<div class='gallery-icon landscape'>\n\t\t\t\t<a href='https:\/\/www.gabrielefani.com\/wp-content\/uploads\/2019\/02\/024-Elegant-pre-wedding-early-morning-photographer-Florence.jpg'><img loading=\"lazy\" decoding=\"async\" width=\"1800\" height=\"1202\" src=\"https:\/\/www.gabrielefani.com\/wp-content\/uploads\/2019\/02\/024-Elegant-pre-wedding-early-morning-photographer-Florence.jpg\" class=\"attachment-full size-full\" alt=\"Indimenticabile ed elegante servizio fotografico all&#039;alba a Firenze a Piazzale Michelangelo. Goditi la vista panoramica pi\u00f9 bella\" aria-describedby=\"gallery-1-24819\" \/><\/a>\n\t\t\t<\/div>\n\t\t\t\t<figcaption class='wp-caption-text gallery-caption' id='gallery-1-24819'>\n\t\t\t\tIndimenticabile ed elegante servizio fotografico all&#8217;alba a Firenze a Piazzale Michelangelo. Goditi la vista panoramica pi\u00f9 bella. Foto del fotografo Italiano elegante e moderno di ritratti di coppia di fidanzati in Toscana con base a Firenze Gabriele Fani.\n\t\t\t\t<\/figcaption><\/figure><figure class='gallery-item'>\n\t\t\t<div class='gallery-icon landscape'>\n\t\t\t\t<a href='https:\/\/www.gabrielefani.com\/wp-content\/uploads\/2019\/02\/025-Bride-groom-pre-wedding-couple-session-Florence.jpg'><img loading=\"lazy\" decoding=\"async\" width=\"1800\" height=\"1200\" src=\"https:\/\/www.gabrielefani.com\/wp-content\/uploads\/2019\/02\/025-Bride-groom-pre-wedding-couple-session-Florence.jpg\" class=\"attachment-full size-full\" alt=\"L&#039;amore \u00e8 nell&#039;aria durante la sessione fotografica prematrimoniale all&#039;alba a Firenze\" aria-describedby=\"gallery-1-24821\" \/><\/a>\n\t\t\t<\/div>\n\t\t\t\t<figcaption class='wp-caption-text gallery-caption' id='gallery-1-24821'>\n\t\t\t\tL&#8217;amore \u00e8 nell&#8217;aria durante la sessione fotografica prematrimoniale all&#8217;alba a Firenze. Foto del fotografo di ritratti di coppia italiano elegante e classico in Toscana con base a Firenze Gabriele Fani.\n\t\t\t\t<\/figcaption><\/figure><figure class='gallery-item'>\n\t\t\t<div class='gallery-icon landscape'>\n\t\t\t\t<a href='https:\/\/www.gabrielefani.com\/wp-content\/uploads\/2019\/02\/026-Elizabeth-Clyde-wedding.jpg'><img loading=\"lazy\" decoding=\"async\" width=\"1800\" height=\"1200\" src=\"https:\/\/www.gabrielefani.com\/wp-content\/uploads\/2019\/02\/026-Elizabeth-Clyde-wedding.jpg\" class=\"attachment-full size-full\" alt=\"\" \/><\/a>\n\t\t\t<\/div><\/figure><figure class='gallery-item'>\n\t\t\t<div class='gallery-icon landscape'>\n\t\t\t\t<a href='https:\/\/www.gabrielefani.com\/wp-content\/uploads\/2019\/02\/027-Elizabeth-Clyde-wedding.jpg'><img loading=\"lazy\" decoding=\"async\" width=\"1800\" height=\"1200\" src=\"https:\/\/www.gabrielefani.com\/wp-content\/uploads\/2019\/02\/027-Elizabeth-Clyde-wedding.jpg\" class=\"attachment-full size-full\" alt=\"\" \/><\/a>\n\t\t\t<\/div><\/figure><figure class='gallery-item'>\n\t\t\t<div class='gallery-icon landscape'>\n\t\t\t\t<a href='https:\/\/www.gabrielefani.com\/wp-content\/uploads\/2019\/02\/028-Elizabeth-Clyde-wedding.jpg'><img loading=\"lazy\" decoding=\"async\" width=\"1800\" height=\"1200\" src=\"https:\/\/www.gabrielefani.com\/wp-content\/uploads\/2019\/02\/028-Elizabeth-Clyde-wedding.jpg\" class=\"attachment-full size-full\" alt=\"\" \/><\/a>\n\t\t\t<\/div><\/figure><figure class='gallery-item'>\n\t\t\t<div class='gallery-icon landscape'>\n\t\t\t\t<a href='https:\/\/www.gabrielefani.com\/wp-content\/uploads\/2019\/02\/029-Elizabeth-Clyde-wedding.jpg'><img loading=\"lazy\" decoding=\"async\" width=\"1800\" height=\"827\" src=\"https:\/\/www.gabrielefani.com\/wp-content\/uploads\/2019\/02\/029-Elizabeth-Clyde-wedding.jpg\" class=\"attachment-full size-full\" alt=\"\" \/><\/a>\n\t\t\t<\/div><\/figure><figure class='gallery-item'>\n\t\t\t<div class='gallery-icon landscape'>\n\t\t\t\t<a href='https:\/\/www.gabrielefani.com\/wp-content\/uploads\/2019\/02\/030-Elizabeth-Clyde-wedding.jpg'><img loading=\"lazy\" decoding=\"async\" width=\"1800\" height=\"1200\" src=\"https:\/\/www.gabrielefani.com\/wp-content\/uploads\/2019\/02\/030-Elizabeth-Clyde-wedding.jpg\" class=\"attachment-full size-full\" alt=\"\" \/><\/a>\n\t\t\t<\/div><\/figure><figure class='gallery-item'>\n\t\t\t<div class='gallery-icon landscape'>\n\t\t\t\t<a href='https:\/\/www.gabrielefani.com\/wp-content\/uploads\/2019\/02\/031-Elizabeth-Clyde-wedding.jpg'><img loading=\"lazy\" decoding=\"async\" width=\"1800\" height=\"1344\" src=\"https:\/\/www.gabrielefani.com\/wp-content\/uploads\/2019\/02\/031-Elizabeth-Clyde-wedding.jpg\" class=\"attachment-full size-full\" alt=\"\" \/><\/a>\n\t\t\t<\/div><\/figure><figure class='gallery-item'>\n\t\t\t<div class='gallery-icon landscape'>\n\t\t\t\t<a href='https:\/\/www.gabrielefani.com\/wp-content\/uploads\/2019\/02\/032-Elizabeth-Clyde-wedding.jpg'><img loading=\"lazy\" decoding=\"async\" width=\"1800\" height=\"1200\" src=\"https:\/\/www.gabrielefani.com\/wp-content\/uploads\/2019\/02\/032-Elizabeth-Clyde-wedding.jpg\" class=\"attachment-full size-full\" alt=\"\" \/><\/a>\n\t\t\t<\/div><\/figure><figure class='gallery-item'>\n\t\t\t<div class='gallery-icon landscape'>\n\t\t\t\t<a href='https:\/\/www.gabrielefani.com\/wp-content\/uploads\/2019\/02\/033-Elizabeth-Clyde-wedding.jpg'><img loading=\"lazy\" decoding=\"async\" width=\"1800\" height=\"1200\" src=\"https:\/\/www.gabrielefani.com\/wp-content\/uploads\/2019\/02\/033-Elizabeth-Clyde-wedding.jpg\" class=\"attachment-full size-full\" alt=\"\" \/><\/a>\n\t\t\t<\/div><\/figure><figure class='gallery-item'>\n\t\t\t<div class='gallery-icon landscape'>\n\t\t\t\t<a href='https:\/\/www.gabrielefani.com\/wp-content\/uploads\/2019\/02\/034-Elizabeth-Clyde-wedding.jpg'><img loading=\"lazy\" decoding=\"async\" width=\"1800\" height=\"1200\" src=\"https:\/\/www.gabrielefani.com\/wp-content\/uploads\/2019\/02\/034-Elizabeth-Clyde-wedding.jpg\" class=\"attachment-full size-full\" alt=\"\" \/><\/a>\n\t\t\t<\/div><\/figure><figure class='gallery-item'>\n\t\t\t<div class='gallery-icon portrait'>\n\t\t\t\t<a href='https:\/\/www.gabrielefani.com\/wp-content\/uploads\/2019\/02\/035-Elizabeth-Clyde-wedding.jpg'><img loading=\"lazy\" decoding=\"async\" width=\"1800\" height=\"2701\" src=\"https:\/\/www.gabrielefani.com\/wp-content\/uploads\/2019\/02\/035-Elizabeth-Clyde-wedding.jpg\" class=\"attachment-full size-full\" alt=\"\" \/><\/a>\n\t\t\t<\/div><\/figure><figure class='gallery-item'>\n\t\t\t<div class='gallery-icon landscape'>\n\t\t\t\t<a href='https:\/\/www.gabrielefani.com\/wp-content\/uploads\/2019\/02\/036-Elizabeth-Clyde-wedding.jpg'><img loading=\"lazy\" decoding=\"async\" width=\"1800\" height=\"1200\" src=\"https:\/\/www.gabrielefani.com\/wp-content\/uploads\/2019\/02\/036-Elizabeth-Clyde-wedding.jpg\" class=\"attachment-full size-full\" alt=\"\" \/><\/a>\n\t\t\t<\/div><\/figure><figure class='gallery-item'>\n\t\t\t<div class='gallery-icon landscape'>\n\t\t\t\t<a href='https:\/\/www.gabrielefani.com\/wp-content\/uploads\/2019\/02\/037-Elizabeth-Clyde-wedding.jpg'><img loading=\"lazy\" decoding=\"async\" width=\"1800\" height=\"1200\" src=\"https:\/\/www.gabrielefani.com\/wp-content\/uploads\/2019\/02\/037-Elizabeth-Clyde-wedding.jpg\" class=\"attachment-full size-full\" alt=\"\" \/><\/a>\n\t\t\t<\/div><\/figure><figure class='gallery-item'>\n\t\t\t<div class='gallery-icon landscape'>\n\t\t\t\t<a href='https:\/\/www.gabrielefani.com\/wp-content\/uploads\/2019\/02\/038-Elizabeth-Clyde-wedding.jpg'><img loading=\"lazy\" decoding=\"async\" width=\"1800\" height=\"1200\" src=\"https:\/\/www.gabrielefani.com\/wp-content\/uploads\/2019\/02\/038-Elizabeth-Clyde-wedding.jpg\" class=\"attachment-full size-full\" alt=\"\" \/><\/a>\n\t\t\t<\/div><\/figure><figure class='gallery-item'>\n\t\t\t<div class='gallery-icon portrait'>\n\t\t\t\t<a href='https:\/\/www.gabrielefani.com\/wp-content\/uploads\/2019\/02\/039-Elizabeth-Clyde-wedding.jpg'><img loading=\"lazy\" decoding=\"async\" width=\"1800\" height=\"2701\" src=\"https:\/\/www.gabrielefani.com\/wp-content\/uploads\/2019\/02\/039-Elizabeth-Clyde-wedding.jpg\" class=\"attachment-full size-full\" alt=\"\" \/><\/a>\n\t\t\t<\/div><\/figure><figure class='gallery-item'>\n\t\t\t<div class='gallery-icon landscape'>\n\t\t\t\t<a href='https:\/\/www.gabrielefani.com\/wp-content\/uploads\/2019\/02\/040-Elizabeth-Clyde-wedding.jpg'><img loading=\"lazy\" decoding=\"async\" width=\"1800\" height=\"1200\" src=\"https:\/\/www.gabrielefani.com\/wp-content\/uploads\/2019\/02\/040-Elizabeth-Clyde-wedding.jpg\" class=\"attachment-full size-full\" alt=\"\" \/><\/a>\n\t\t\t<\/div><\/figure><figure class='gallery-item'>\n\t\t\t<div class='gallery-icon landscape'>\n\t\t\t\t<a href='https:\/\/www.gabrielefani.com\/wp-content\/uploads\/2019\/02\/041-Elizabeth-Clyde-wedding.jpg'><img loading=\"lazy\" decoding=\"async\" width=\"1800\" height=\"1200\" src=\"https:\/\/www.gabrielefani.com\/wp-content\/uploads\/2019\/02\/041-Elizabeth-Clyde-wedding.jpg\" class=\"attachment-full size-full\" alt=\"\" \/><\/a>\n\t\t\t<\/div><\/figure><figure class='gallery-item'>\n\t\t\t<div class='gallery-icon landscape'>\n\t\t\t\t<a href='https:\/\/www.gabrielefani.com\/wp-content\/uploads\/2019\/02\/042-Elizabeth-Clyde-wedding.jpg'><img loading=\"lazy\" decoding=\"async\" width=\"1800\" height=\"1344\" src=\"https:\/\/www.gabrielefani.com\/wp-content\/uploads\/2019\/02\/042-Elizabeth-Clyde-wedding.jpg\" class=\"attachment-full size-full\" alt=\"\" \/><\/a>\n\t\t\t<\/div><\/figure><figure class='gallery-item'>\n\t\t\t<div class='gallery-icon landscape'>\n\t\t\t\t<a href='https:\/\/www.gabrielefani.com\/wp-content\/uploads\/2019\/02\/043-Elizabeth-Clyde-wedding.jpg'><img loading=\"lazy\" decoding=\"async\" width=\"1800\" height=\"1200\" src=\"https:\/\/www.gabrielefani.com\/wp-content\/uploads\/2019\/02\/043-Elizabeth-Clyde-wedding.jpg\" class=\"attachment-full size-full\" alt=\"\" \/><\/a>\n\t\t\t<\/div><\/figure><figure class='gallery-item'>\n\t\t\t<div class='gallery-icon landscape'>\n\t\t\t\t<a href='https:\/\/www.gabrielefani.com\/wp-content\/uploads\/2019\/02\/044-Elizabeth-Clyde-wedding.jpg'><img loading=\"lazy\" decoding=\"async\" width=\"1800\" height=\"1200\" src=\"https:\/\/www.gabrielefani.com\/wp-content\/uploads\/2019\/02\/044-Elizabeth-Clyde-wedding.jpg\" class=\"attachment-full size-full\" alt=\"\" \/><\/a>\n\t\t\t<\/div><\/figure><figure class='gallery-item'>\n\t\t\t<div class='gallery-icon landscape'>\n\t\t\t\t<a href='https:\/\/www.gabrielefani.com\/wp-content\/uploads\/2019\/02\/045-Elizabeth-Clyde-wedding.jpg'><img loading=\"lazy\" decoding=\"async\" width=\"1800\" height=\"1200\" src=\"https:\/\/www.gabrielefani.com\/wp-content\/uploads\/2019\/02\/045-Elizabeth-Clyde-wedding.jpg\" class=\"attachment-full size-full\" alt=\"\" \/><\/a>\n\t\t\t<\/div><\/figure><figure class='gallery-item'>\n\t\t\t<div class='gallery-icon landscape'>\n\t\t\t\t<a href='https:\/\/www.gabrielefani.com\/wp-content\/uploads\/2019\/02\/046-Elegant-bride-getting-ready-Villa-Le-Fontanelle-destination-wedding.jpg'><img loading=\"lazy\" decoding=\"async\" width=\"1800\" height=\"1200\" src=\"https:\/\/www.gabrielefani.com\/wp-content\/uploads\/2019\/02\/046-Elegant-bride-getting-ready-Villa-Le-Fontanelle-destination-wedding.jpg\" class=\"attachment-full size-full\" alt=\"La bella ed elegante sposa Elisabetta durante i preparativi nella splendida Villa Le Fontanelle poco prima di partire per la cerimonia di matrimonio\" aria-describedby=\"gallery-1-24863\" \/><\/a>\n\t\t\t<\/div>\n\t\t\t\t<figcaption class='wp-caption-text gallery-caption' id='gallery-1-24863'>\n\t\t\t\tLa bella ed elegante sposa Elisabetta durante i preparativi nella splendida Villa Le Fontanelle poco prima di partire per la cerimonia di matrimonio. Intimo matrimonio a Firenze a cura dell&#8217;elegante e classico fotografo di matrimoni italiano in Toscana con base a Firenze Gabriele Fani.\n\t\t\t\t<\/figcaption><\/figure><figure class='gallery-item'>\n\t\t\t<div class='gallery-icon portrait'>\n\t\t\t\t<a href='https:\/\/www.gabrielefani.com\/wp-content\/uploads\/2019\/02\/047-Classic-elegant-bride-at-Villa-Le-Fontanelle-Wedding.jpg'><img loading=\"lazy\" decoding=\"async\" width=\"1800\" height=\"2701\" src=\"https:\/\/www.gabrielefani.com\/wp-content\/uploads\/2019\/02\/047-Classic-elegant-bride-at-Villa-Le-Fontanelle-Wedding.jpg\" class=\"attachment-full size-full\" alt=\"La bella ed elegante sposa Elisabetta durante i preparativi nella splendida Villa Le Fontanelle poco prima di partire per la cerimonia di matrimonio\" aria-describedby=\"gallery-1-24865\" \/><\/a>\n\t\t\t<\/div>\n\t\t\t\t<figcaption class='wp-caption-text gallery-caption' id='gallery-1-24865'>\n\t\t\t\tLa bella ed elegante sposa Elisabetta durante i preparativi nella splendida Villa Le Fontanelle poco prima di partire per la cerimonia di matrimonio. Intimo matrimonio a Firenze a cura dell&#8217;elegante e classico fotografo di matrimoni italiano in Toscana con base a Firenze Gabriele Fani.\n\t\t\t\t<\/figcaption><\/figure><figure class='gallery-item'>\n\t\t\t<div class='gallery-icon landscape'>\n\t\t\t\t<a href='https:\/\/www.gabrielefani.com\/wp-content\/uploads\/2019\/02\/048-Elizabeth-Clyde-wedding.jpg'><img loading=\"lazy\" decoding=\"async\" width=\"1800\" height=\"892\" src=\"https:\/\/www.gabrielefani.com\/wp-content\/uploads\/2019\/02\/048-Elizabeth-Clyde-wedding.jpg\" class=\"attachment-full size-full\" alt=\"\" \/><\/a>\n\t\t\t<\/div><\/figure><figure class='gallery-item'>\n\t\t\t<div class='gallery-icon landscape'>\n\t\t\t\t<a href='https:\/\/www.gabrielefani.com\/wp-content\/uploads\/2019\/02\/049-Villa-Le-Fontanelle-intimate-destination-wedding-Florence.jpg'><img loading=\"lazy\" decoding=\"async\" width=\"1800\" height=\"1200\" src=\"https:\/\/www.gabrielefani.com\/wp-content\/uploads\/2019\/02\/049-Villa-Le-Fontanelle-intimate-destination-wedding-Florence.jpg\" class=\"attachment-full size-full\" alt=\"La bella sposa Elisabetta \u00e8 quasi pronta a lasciare Villa Le Fontanelle per la cerimonia nella chiesa di Firenze\" aria-describedby=\"gallery-1-24869\" \/><\/a>\n\t\t\t<\/div>\n\t\t\t\t<figcaption class='wp-caption-text gallery-caption' id='gallery-1-24869'>\n\t\t\t\tLa bella sposa Elisabetta \u00e8 quasi pronta a lasciare Villa Le Fontanelle per la cerimonia nella chiesa di Firenze. Foto del fotografo di matrimoni italiano elegante e classico in Toscana con sede a Firenze Gabriele Fani.\n\t\t\t\t<\/figcaption><\/figure><figure class='gallery-item'>\n\t\t\t<div class='gallery-icon portrait'>\n\t\t\t\t<a href='https:\/\/www.gabrielefani.com\/wp-content\/uploads\/2019\/02\/050-Elegant-bride-in-wedding-gown-Villa-Le-Fontanelle.jpg'><img loading=\"lazy\" decoding=\"async\" width=\"1800\" height=\"2701\" src=\"https:\/\/www.gabrielefani.com\/wp-content\/uploads\/2019\/02\/050-Elegant-bride-in-wedding-gown-Villa-Le-Fontanelle.jpg\" class=\"attachment-full size-full\" alt=\"La bella sposa Elisabetta \u00e8 quasi pronta a lasciare Villa Le Fontanelle per la cerimonia nella chiesa di Firenze\" aria-describedby=\"gallery-1-24871\" \/><\/a>\n\t\t\t<\/div>\n\t\t\t\t<figcaption class='wp-caption-text gallery-caption' id='gallery-1-24871'>\n\t\t\t\tLa bella sposa Elisabetta \u00e8 quasi pronta a lasciare Villa Le Fontanelle per la cerimonia nella chiesa di Firenze. Foto del fotografo di matrimoni italiano elegante e classico in Toscana con sede a Firenze Gabriele Fani.\n\t\t\t\t<\/figcaption><\/figure><figure class='gallery-item'>\n\t\t\t<div class='gallery-icon landscape'>\n\t\t\t\t<a href='https:\/\/www.gabrielefani.com\/wp-content\/uploads\/2019\/02\/051-Elizabeth-Clyde-wedding.jpg'><img loading=\"lazy\" decoding=\"async\" width=\"1800\" height=\"1200\" src=\"https:\/\/www.gabrielefani.com\/wp-content\/uploads\/2019\/02\/051-Elizabeth-Clyde-wedding.jpg\" class=\"attachment-full size-full\" alt=\"\" \/><\/a>\n\t\t\t<\/div><\/figure><figure class='gallery-item'>\n\t\t\t<div class='gallery-icon landscape'>\n\t\t\t\t<a href='https:\/\/www.gabrielefani.com\/wp-content\/uploads\/2019\/02\/052-Elizabeth-Clyde-wedding.jpg'><img loading=\"lazy\" decoding=\"async\" width=\"1800\" height=\"827\" src=\"https:\/\/www.gabrielefani.com\/wp-content\/uploads\/2019\/02\/052-Elizabeth-Clyde-wedding.jpg\" class=\"attachment-full size-full\" alt=\"\" \/><\/a>\n\t\t\t<\/div><\/figure><figure class='gallery-item'>\n\t\t\t<div class='gallery-icon portrait'>\n\t\t\t\t<a href='https:\/\/www.gabrielefani.com\/wp-content\/uploads\/2019\/02\/053-Elizabeth-Clyde-wedding.jpg'><img loading=\"lazy\" decoding=\"async\" width=\"1800\" height=\"2701\" src=\"https:\/\/www.gabrielefani.com\/wp-content\/uploads\/2019\/02\/053-Elizabeth-Clyde-wedding.jpg\" class=\"attachment-full size-full\" alt=\"\" \/><\/a>\n\t\t\t<\/div><\/figure><figure class='gallery-item'>\n\t\t\t<div class='gallery-icon landscape'>\n\t\t\t\t<a href='https:\/\/www.gabrielefani.com\/wp-content\/uploads\/2019\/02\/054-Elizabeth-Clyde-wedding.jpg'><img loading=\"lazy\" decoding=\"async\" width=\"1800\" height=\"1200\" src=\"https:\/\/www.gabrielefani.com\/wp-content\/uploads\/2019\/02\/054-Elizabeth-Clyde-wedding.jpg\" class=\"attachment-full size-full\" alt=\"\" \/><\/a>\n\t\t\t<\/div><\/figure><figure class='gallery-item'>\n\t\t\t<div class='gallery-icon landscape'>\n\t\t\t\t<a href='https:\/\/www.gabrielefani.com\/wp-content\/uploads\/2019\/02\/055-Elegant-bride-Rolls-Royce-vintage-car-Florence.jpg'><img loading=\"lazy\" decoding=\"async\" width=\"1800\" height=\"1200\" src=\"https:\/\/www.gabrielefani.com\/wp-content\/uploads\/2019\/02\/055-Elegant-bride-Rolls-Royce-vintage-car-Florence.jpg\" class=\"attachment-full size-full\" alt=\"La sposa Elisabetta \u00e8 appena arrivata alla chiesta di San Mark nel centro storico di Firenze pronta a camminare lungo il corridoio della navata per la sua cerimonia di matrimonio\" aria-describedby=\"gallery-1-24881\" \/><\/a>\n\t\t\t<\/div>\n\t\t\t\t<figcaption class='wp-caption-text gallery-caption' id='gallery-1-24881'>\n\t\t\t\tLa sposa Elisabetta \u00e8 appena arrivata alla chiesta di San Mark nel centro storico di Firenze pronta a camminare lungo il corridoio della navata per la sua cerimonia di matrimonio. Foto del fotografo di matrimoni italiano elegante e classico in Toscana con sede a Firenze Gabriele Fani.\n\t\t\t\t<\/figcaption><\/figure><figure class='gallery-item'>\n\t\t\t<div class='gallery-icon landscape'>\n\t\t\t\t<a href='https:\/\/www.gabrielefani.com\/wp-content\/uploads\/2019\/02\/056-Bride-walks-out-Rolls-Royce-Florence-wedding.jpg'><img loading=\"lazy\" decoding=\"async\" width=\"1800\" height=\"1200\" src=\"https:\/\/www.gabrielefani.com\/wp-content\/uploads\/2019\/02\/056-Bride-walks-out-Rolls-Royce-Florence-wedding.jpg\" class=\"attachment-full size-full\" alt=\"La sposa Elisabetta \u00e8 appena arrivata alla chiesta di San Mark nel centro storico di Firenze pronta a camminare lungo il corridoio della navata per la sua cerimonia di matrimonio\" aria-describedby=\"gallery-1-24883\" \/><\/a>\n\t\t\t<\/div>\n\t\t\t\t<figcaption class='wp-caption-text gallery-caption' id='gallery-1-24883'>\n\t\t\t\tLa sposa Elisabetta \u00e8 appena arrivata alla chiesta di San Mark nel centro storico di Firenze pronta a camminare lungo il corridoio della navata per la sua cerimonia di matrimonio. Foto del fotografo di matrimoni italiano elegante e classico in Toscana con sede a Firenze Gabriele Fani.\n\t\t\t\t<\/figcaption><\/figure><figure class='gallery-item'>\n\t\t\t<div class='gallery-icon landscape'>\n\t\t\t\t<a href='https:\/\/www.gabrielefani.com\/wp-content\/uploads\/2019\/02\/057-Elizabeth-Clyde-wedding.jpg'><img loading=\"lazy\" decoding=\"async\" width=\"1800\" height=\"827\" src=\"https:\/\/www.gabrielefani.com\/wp-content\/uploads\/2019\/02\/057-Elizabeth-Clyde-wedding.jpg\" class=\"attachment-full size-full\" alt=\"\" \/><\/a>\n\t\t\t<\/div><\/figure><figure class='gallery-item'>\n\t\t\t<div class='gallery-icon landscape'>\n\t\t\t\t<a href='https:\/\/www.gabrielefani.com\/wp-content\/uploads\/2019\/02\/058-Elizabeth-Clyde-wedding.jpg'><img loading=\"lazy\" decoding=\"async\" width=\"1800\" height=\"1200\" src=\"https:\/\/www.gabrielefani.com\/wp-content\/uploads\/2019\/02\/058-Elizabeth-Clyde-wedding.jpg\" class=\"attachment-full size-full\" alt=\"\" \/><\/a>\n\t\t\t<\/div><\/figure><figure class='gallery-item'>\n\t\t\t<div class='gallery-icon landscape'>\n\t\t\t\t<a href='https:\/\/www.gabrielefani.com\/wp-content\/uploads\/2019\/02\/059-Bride-groom-first-look-ceremony-St-Mark-Church-Florence.jpg'><img loading=\"lazy\" decoding=\"async\" width=\"1800\" height=\"1200\" src=\"https:\/\/www.gabrielefani.com\/wp-content\/uploads\/2019\/02\/059-Bride-groom-first-look-ceremony-St-Mark-Church-Florence.jpg\" class=\"attachment-full size-full\" alt=\"Reazione indimenticabile dello sposo al primo sguardo della sposa nella chiesa di San Mark, nel cuore di Firenze\" aria-describedby=\"gallery-1-24889\" \/><\/a>\n\t\t\t<\/div>\n\t\t\t\t<figcaption class='wp-caption-text gallery-caption' id='gallery-1-24889'>\n\t\t\t\tReazione indimenticabile dello sposo al primo sguardo della sposa nella chiesa di San Mark, nel cuore di Firenze. Foto del fotografo di matrimoni italiano elegante e classico in Toscana con sede a Firenze Gabriele Fani.\n\t\t\t\t<\/figcaption><\/figure><figure class='gallery-item'>\n\t\t\t<div class='gallery-icon landscape'>\n\t\t\t\t<a href='https:\/\/www.gabrielefani.com\/wp-content\/uploads\/2019\/02\/060-Elizabeth-Clyde-wedding.jpg'><img loading=\"lazy\" decoding=\"async\" width=\"1800\" height=\"1200\" src=\"https:\/\/www.gabrielefani.com\/wp-content\/uploads\/2019\/02\/060-Elizabeth-Clyde-wedding.jpg\" class=\"attachment-full size-full\" alt=\"\" \/><\/a>\n\t\t\t<\/div><\/figure><figure class='gallery-item'>\n\t\t\t<div class='gallery-icon landscape'>\n\t\t\t\t<a href='https:\/\/www.gabrielefani.com\/wp-content\/uploads\/2019\/02\/061-Elizabeth-Clyde-wedding.jpg'><img loading=\"lazy\" decoding=\"async\" width=\"1800\" height=\"1200\" src=\"https:\/\/www.gabrielefani.com\/wp-content\/uploads\/2019\/02\/061-Elizabeth-Clyde-wedding.jpg\" class=\"attachment-full size-full\" alt=\"\" \/><\/a>\n\t\t\t<\/div><\/figure><figure class='gallery-item'>\n\t\t\t<div class='gallery-icon landscape'>\n\t\t\t\t<a href='https:\/\/www.gabrielefani.com\/wp-content\/uploads\/2019\/02\/062-Elizabeth-Clyde-wedding.jpg'><img loading=\"lazy\" decoding=\"async\" width=\"1800\" height=\"1200\" src=\"https:\/\/www.gabrielefani.com\/wp-content\/uploads\/2019\/02\/062-Elizabeth-Clyde-wedding.jpg\" class=\"attachment-full size-full\" alt=\"\" \/><\/a>\n\t\t\t<\/div><\/figure><figure class='gallery-item'>\n\t\t\t<div class='gallery-icon landscape'>\n\t\t\t\t<a href='https:\/\/www.gabrielefani.com\/wp-content\/uploads\/2019\/02\/063-Elizabeth-Clyde-wedding.jpg'><img loading=\"lazy\" decoding=\"async\" width=\"1800\" height=\"1200\" src=\"https:\/\/www.gabrielefani.com\/wp-content\/uploads\/2019\/02\/063-Elizabeth-Clyde-wedding.jpg\" class=\"attachment-full size-full\" alt=\"\" \/><\/a>\n\t\t\t<\/div><\/figure><figure class='gallery-item'>\n\t\t\t<div class='gallery-icon landscape'>\n\t\t\t\t<a href='https:\/\/www.gabrielefani.com\/wp-content\/uploads\/2019\/02\/064-Elizabeth-Clyde-wedding.jpg'><img loading=\"lazy\" decoding=\"async\" width=\"1800\" height=\"1200\" src=\"https:\/\/www.gabrielefani.com\/wp-content\/uploads\/2019\/02\/064-Elizabeth-Clyde-wedding.jpg\" class=\"attachment-full size-full\" alt=\"\" \/><\/a>\n\t\t\t<\/div><\/figure><figure class='gallery-item'>\n\t\t\t<div class='gallery-icon landscape'>\n\t\t\t\t<a href='https:\/\/www.gabrielefani.com\/wp-content\/uploads\/2019\/02\/065-Elizabeth-Clyde-wedding.jpg'><img loading=\"lazy\" decoding=\"async\" width=\"1800\" height=\"1200\" src=\"https:\/\/www.gabrielefani.com\/wp-content\/uploads\/2019\/02\/065-Elizabeth-Clyde-wedding.jpg\" class=\"attachment-full size-full\" alt=\"\" \/><\/a>\n\t\t\t<\/div><\/figure><figure class='gallery-item'>\n\t\t\t<div class='gallery-icon landscape'>\n\t\t\t\t<a href='https:\/\/www.gabrielefani.com\/wp-content\/uploads\/2019\/02\/066-Elizabeth-Clyde-wedding.jpg'><img loading=\"lazy\" decoding=\"async\" width=\"1800\" height=\"1200\" src=\"https:\/\/www.gabrielefani.com\/wp-content\/uploads\/2019\/02\/066-Elizabeth-Clyde-wedding.jpg\" class=\"attachment-full size-full\" alt=\"\" \/><\/a>\n\t\t\t<\/div><\/figure><figure class='gallery-item'>\n\t\t\t<div class='gallery-icon landscape'>\n\t\t\t\t<a href='https:\/\/www.gabrielefani.com\/wp-content\/uploads\/2019\/02\/067-Lovely-bride-groom-moment-ceremony-Church-Florence.jpg'><img loading=\"lazy\" decoding=\"async\" width=\"1800\" height=\"1200\" src=\"https:\/\/www.gabrielefani.com\/wp-content\/uploads\/2019\/02\/067-Lovely-bride-groom-moment-ceremony-Church-Florence.jpg\" class=\"attachment-full size-full\" alt=\"I matrimoni sono fatti anche da gesti gentili come questo. Lo sposa asciuga delicatamente con un fazzoletto una lacrima scesa dall&#039;occhio dell&#039;amata sposa durante la cerimonia di nozze nella chiesa di San Mark a Firenze\" aria-describedby=\"gallery-1-24905\" \/><\/a>\n\t\t\t<\/div>\n\t\t\t\t<figcaption class='wp-caption-text gallery-caption' id='gallery-1-24905'>\n\t\t\t\tI matrimoni sono fatti anche da gesti gentili come questo. Lo sposa asciuga delicatamente con un fazzoletto una lacrima scesa dall&#8217;occhio dell&#8217;amata sposa durante la cerimonia di nozze nella chiesa di San Mark a Firenze. Foto del fotografo di matrimoni italiano elegante e classico in Toscana con sede a Firenze Gabriele Fani.\n\t\t\t\t<\/figcaption><\/figure><figure class='gallery-item'>\n\t\t\t<div class='gallery-icon landscape'>\n\t\t\t\t<a href='https:\/\/www.gabrielefani.com\/wp-content\/uploads\/2019\/02\/068-Elizabeth-Clyde-wedding.jpg'><img loading=\"lazy\" decoding=\"async\" width=\"1800\" height=\"1200\" src=\"https:\/\/www.gabrielefani.com\/wp-content\/uploads\/2019\/02\/068-Elizabeth-Clyde-wedding.jpg\" class=\"attachment-full size-full\" alt=\"\" \/><\/a>\n\t\t\t<\/div><\/figure><figure class='gallery-item'>\n\t\t\t<div class='gallery-icon landscape'>\n\t\t\t\t<a href='https:\/\/www.gabrielefani.com\/wp-content\/uploads\/2019\/02\/069-Elizabeth-Clyde-wedding.jpg'><img loading=\"lazy\" decoding=\"async\" width=\"1800\" height=\"1200\" src=\"https:\/\/www.gabrielefani.com\/wp-content\/uploads\/2019\/02\/069-Elizabeth-Clyde-wedding.jpg\" class=\"attachment-full size-full\" alt=\"\" \/><\/a>\n\t\t\t<\/div><\/figure><figure class='gallery-item'>\n\t\t\t<div class='gallery-icon landscape'>\n\t\t\t\t<a href='https:\/\/www.gabrielefani.com\/wp-content\/uploads\/2019\/02\/070-Elizabeth-Clyde-wedding.jpg'><img loading=\"lazy\" decoding=\"async\" width=\"1800\" height=\"1200\" src=\"https:\/\/www.gabrielefani.com\/wp-content\/uploads\/2019\/02\/070-Elizabeth-Clyde-wedding.jpg\" class=\"attachment-full size-full\" alt=\"\" \/><\/a>\n\t\t\t<\/div><\/figure><figure class='gallery-item'>\n\t\t\t<div class='gallery-icon landscape'>\n\t\t\t\t<a href='https:\/\/www.gabrielefani.com\/wp-content\/uploads\/2019\/02\/071-Elizabeth-Clyde-wedding.jpg'><img loading=\"lazy\" decoding=\"async\" width=\"1800\" height=\"1200\" src=\"https:\/\/www.gabrielefani.com\/wp-content\/uploads\/2019\/02\/071-Elizabeth-Clyde-wedding.jpg\" class=\"attachment-full size-full\" alt=\"\" \/><\/a>\n\t\t\t<\/div><\/figure><figure class='gallery-item'>\n\t\t\t<div class='gallery-icon landscape'>\n\t\t\t\t<a href='https:\/\/www.gabrielefani.com\/wp-content\/uploads\/2019\/02\/072-Elizabeth-Clyde-wedding.jpg'><img loading=\"lazy\" decoding=\"async\" width=\"1800\" height=\"1200\" src=\"https:\/\/www.gabrielefani.com\/wp-content\/uploads\/2019\/02\/072-Elizabeth-Clyde-wedding.jpg\" class=\"attachment-full size-full\" alt=\"\" \/><\/a>\n\t\t\t<\/div><\/figure><figure class='gallery-item'>\n\t\t\t<div class='gallery-icon landscape'>\n\t\t\t\t<a href='https:\/\/www.gabrielefani.com\/wp-content\/uploads\/2019\/02\/073-Elizabeth-Clyde-wedding.jpg'><img loading=\"lazy\" decoding=\"async\" width=\"1800\" height=\"1200\" src=\"https:\/\/www.gabrielefani.com\/wp-content\/uploads\/2019\/02\/073-Elizabeth-Clyde-wedding.jpg\" class=\"attachment-full size-full\" alt=\"\" \/><\/a>\n\t\t\t<\/div><\/figure><figure class='gallery-item'>\n\t\t\t<div class='gallery-icon portrait'>\n\t\t\t\t<a href='https:\/\/www.gabrielefani.com\/wp-content\/uploads\/2019\/02\/074-Elizabeth-Clyde-wedding.jpg'><img loading=\"lazy\" decoding=\"async\" width=\"1800\" height=\"2701\" src=\"https:\/\/www.gabrielefani.com\/wp-content\/uploads\/2019\/02\/074-Elizabeth-Clyde-wedding.jpg\" class=\"attachment-full size-full\" alt=\"\" \/><\/a>\n\t\t\t<\/div><\/figure><figure class='gallery-item'>\n\t\t\t<div class='gallery-icon portrait'>\n\t\t\t\t<a href='https:\/\/www.gabrielefani.com\/wp-content\/uploads\/2019\/02\/075-Bride-groom-first-kiss-just-married-Florence.jpg'><img loading=\"lazy\" decoding=\"async\" width=\"1800\" height=\"2701\" src=\"https:\/\/www.gabrielefani.com\/wp-content\/uploads\/2019\/02\/075-Bride-groom-first-kiss-just-married-Florence.jpg\" class=\"attachment-full size-full\" alt=\"Primo bacio degli sposi nella chiesa di San Mark, nel cuore di Firenze. Matrimonio intimo con ricevimento a Villa Le Fontanelle\" aria-describedby=\"gallery-1-24921\" \/><\/a>\n\t\t\t<\/div>\n\t\t\t\t<figcaption class='wp-caption-text gallery-caption' id='gallery-1-24921'>\n\t\t\t\tPrimo bacio degli sposi nella chiesa di San Mark, nel cuore di Firenze. Matrimonio intimo con ricevimento a Villa Le Fontanelle. Foto del fotografo di matrimoni italiano elegante e classico in Toscana con sede a Firenze Gabriele Fani.\n\t\t\t\t<\/figcaption><\/figure><figure class='gallery-item'>\n\t\t\t<div class='gallery-icon landscape'>\n\t\t\t\t<a href='https:\/\/www.gabrielefani.com\/wp-content\/uploads\/2019\/02\/076-Elizabeth-Clyde-wedding.jpg'><img loading=\"lazy\" decoding=\"async\" width=\"1800\" height=\"1269\" src=\"https:\/\/www.gabrielefani.com\/wp-content\/uploads\/2019\/02\/076-Elizabeth-Clyde-wedding.jpg\" class=\"attachment-full size-full\" alt=\"\" \/><\/a>\n\t\t\t<\/div><\/figure><figure class='gallery-item'>\n\t\t\t<div class='gallery-icon landscape'>\n\t\t\t\t<a href='https:\/\/www.gabrielefani.com\/wp-content\/uploads\/2019\/02\/077-Elizabeth-Clyde-wedding.jpg'><img loading=\"lazy\" decoding=\"async\" width=\"1800\" height=\"1200\" src=\"https:\/\/www.gabrielefani.com\/wp-content\/uploads\/2019\/02\/077-Elizabeth-Clyde-wedding.jpg\" class=\"attachment-full size-full\" alt=\"\" \/><\/a>\n\t\t\t<\/div><\/figure><figure class='gallery-item'>\n\t\t\t<div class='gallery-icon landscape'>\n\t\t\t\t<a href='https:\/\/www.gabrielefani.com\/wp-content\/uploads\/2019\/02\/078-Elizabeth-Clyde-wedding.jpg'><img loading=\"lazy\" decoding=\"async\" width=\"1800\" height=\"1200\" src=\"https:\/\/www.gabrielefani.com\/wp-content\/uploads\/2019\/02\/078-Elizabeth-Clyde-wedding.jpg\" class=\"attachment-full size-full\" alt=\"\" \/><\/a>\n\t\t\t<\/div><\/figure><figure class='gallery-item'>\n\t\t\t<div class='gallery-icon landscape'>\n\t\t\t\t<a href='https:\/\/www.gabrielefani.com\/wp-content\/uploads\/2019\/02\/079-Elizabeth-Clyde-wedding.jpg'><img loading=\"lazy\" decoding=\"async\" width=\"1800\" height=\"1200\" src=\"https:\/\/www.gabrielefani.com\/wp-content\/uploads\/2019\/02\/079-Elizabeth-Clyde-wedding.jpg\" class=\"attachment-full size-full\" alt=\"\" \/><\/a>\n\t\t\t<\/div><\/figure><figure class='gallery-item'>\n\t\t\t<div class='gallery-icon landscape'>\n\t\t\t\t<a href='https:\/\/www.gabrielefani.com\/wp-content\/uploads\/2019\/02\/080-Elizabeth-Clyde-wedding.jpg'><img loading=\"lazy\" decoding=\"async\" width=\"1800\" height=\"1200\" src=\"https:\/\/www.gabrielefani.com\/wp-content\/uploads\/2019\/02\/080-Elizabeth-Clyde-wedding.jpg\" class=\"attachment-full size-full\" alt=\"\" \/><\/a>\n\t\t\t<\/div><\/figure><figure class='gallery-item'>\n\t\t\t<div class='gallery-icon landscape'>\n\t\t\t\t<a href='https:\/\/www.gabrielefani.com\/wp-content\/uploads\/2019\/02\/081-Elizabeth-Clyde-wedding.jpg'><img loading=\"lazy\" decoding=\"async\" width=\"1800\" height=\"1200\" src=\"https:\/\/www.gabrielefani.com\/wp-content\/uploads\/2019\/02\/081-Elizabeth-Clyde-wedding.jpg\" class=\"attachment-full size-full\" alt=\"\" \/><\/a>\n\t\t\t<\/div><\/figure><figure class='gallery-item'>\n\t\t\t<div class='gallery-icon landscape'>\n\t\t\t\t<a href='https:\/\/www.gabrielefani.com\/wp-content\/uploads\/2019\/02\/082-Elizabeth-Clyde-wedding.jpg'><img loading=\"lazy\" decoding=\"async\" width=\"1800\" height=\"1200\" src=\"https:\/\/www.gabrielefani.com\/wp-content\/uploads\/2019\/02\/082-Elizabeth-Clyde-wedding.jpg\" class=\"attachment-full size-full\" alt=\"\" \/><\/a>\n\t\t\t<\/div><\/figure><figure class='gallery-item'>\n\t\t\t<div class='gallery-icon landscape'>\n\t\t\t\t<a href='https:\/\/www.gabrielefani.com\/wp-content\/uploads\/2019\/02\/083-Elizabeth-Clyde-wedding.jpg'><img loading=\"lazy\" decoding=\"async\" width=\"1800\" height=\"1200\" src=\"https:\/\/www.gabrielefani.com\/wp-content\/uploads\/2019\/02\/083-Elizabeth-Clyde-wedding.jpg\" class=\"attachment-full size-full\" alt=\"\" \/><\/a>\n\t\t\t<\/div><\/figure><figure class='gallery-item'>\n\t\t\t<div class='gallery-icon landscape'>\n\t\t\t\t<a href='https:\/\/www.gabrielefani.com\/wp-content\/uploads\/2019\/02\/084-Elizabeth-Clyde-wedding.jpg'><img loading=\"lazy\" decoding=\"async\" width=\"1800\" height=\"1200\" src=\"https:\/\/www.gabrielefani.com\/wp-content\/uploads\/2019\/02\/084-Elizabeth-Clyde-wedding.jpg\" class=\"attachment-full size-full\" alt=\"\" \/><\/a>\n\t\t\t<\/div><\/figure><figure class='gallery-item'>\n\t\t\t<div class='gallery-icon landscape'>\n\t\t\t\t<a href='https:\/\/www.gabrielefani.com\/wp-content\/uploads\/2019\/02\/085-Bride-groom-just-married-leave-church-for-Villa-Le-Fontanelle-venue.jpg'><img loading=\"lazy\" decoding=\"async\" width=\"1800\" height=\"1200\" src=\"https:\/\/www.gabrielefani.com\/wp-content\/uploads\/2019\/02\/085-Bride-groom-just-married-leave-church-for-Villa-Le-Fontanelle-venue.jpg\" class=\"attachment-full size-full\" alt=\"Momento emozionante mentre gli sposi lasciano la Chiesa di San Mark a Firenze per la sessione di ritratti. Matrimonio intimo a Firenze\" aria-describedby=\"gallery-1-24941\" \/><\/a>\n\t\t\t<\/div>\n\t\t\t\t<figcaption class='wp-caption-text gallery-caption' id='gallery-1-24941'>\n\t\t\t\tMomento emozionante mentre gli sposi lasciano la Chiesa di San Mark a Firenze per la sessione di ritratti. Matrimonio intimo a Firenze. Foto del fotografo di matrimoni italiano elegante e classico in Toscana con sede a Firenze Gabriele Fani.\n\t\t\t\t<\/figcaption><\/figure><figure class='gallery-item'>\n\t\t\t<div class='gallery-icon landscape'>\n\t\t\t\t<a href='https:\/\/www.gabrielefani.com\/wp-content\/uploads\/2019\/02\/086-Elizabeth-Clyde-wedding.jpg'><img loading=\"lazy\" decoding=\"async\" width=\"1800\" height=\"1200\" src=\"https:\/\/www.gabrielefani.com\/wp-content\/uploads\/2019\/02\/086-Elizabeth-Clyde-wedding.jpg\" class=\"attachment-full size-full\" alt=\"\" \/><\/a>\n\t\t\t<\/div><\/figure><figure class='gallery-item'>\n\t\t\t<div class='gallery-icon landscape'>\n\t\t\t\t<a href='https:\/\/www.gabrielefani.com\/wp-content\/uploads\/2019\/02\/087-Elizabeth-Clyde-wedding.jpg'><img loading=\"lazy\" decoding=\"async\" width=\"1800\" height=\"1200\" src=\"https:\/\/www.gabrielefani.com\/wp-content\/uploads\/2019\/02\/087-Elizabeth-Clyde-wedding.jpg\" class=\"attachment-full size-full\" alt=\"\" \/><\/a>\n\t\t\t<\/div><\/figure><figure class='gallery-item'>\n\t\t\t<div class='gallery-icon landscape'>\n\t\t\t\t<a href='https:\/\/www.gabrielefani.com\/wp-content\/uploads\/2019\/02\/088-Bride-groom-wedding-portrait-candid-Florence-city.jpg'><img loading=\"lazy\" decoding=\"async\" width=\"1800\" height=\"1200\" src=\"https:\/\/www.gabrielefani.com\/wp-content\/uploads\/2019\/02\/088-Bride-groom-wedding-portrait-candid-Florence-city.jpg\" class=\"attachment-full size-full\" alt=\"Gli sposi adorabili durante la sessione di ritratti a Firenze vicino a Ponte Vecchio dopo la cerimonia di matrimonio alla chiesa di San Mark\" aria-describedby=\"gallery-1-24947\" \/><\/a>\n\t\t\t<\/div>\n\t\t\t\t<figcaption class='wp-caption-text gallery-caption' id='gallery-1-24947'>\n\t\t\t\tGli sposi adorabili durante la sessione di ritratti a Firenze vicino a Ponte Vecchio dopo la cerimonia di matrimonio alla chiesa di San Mark. Foto del fotografo di matrimoni italiano elegante e classico in Toscana con sede a Firenze Gabriele Fani.\n\t\t\t\t<\/figcaption><\/figure><figure class='gallery-item'>\n\t\t\t<div class='gallery-icon landscape'>\n\t\t\t\t<a href='https:\/\/www.gabrielefani.com\/wp-content\/uploads\/2019\/02\/089-Beautiful-classic-wedding-photo-Ponte-Vecchio.jpg'><img loading=\"lazy\" decoding=\"async\" width=\"1800\" height=\"1200\" src=\"https:\/\/www.gabrielefani.com\/wp-content\/uploads\/2019\/02\/089-Beautiful-classic-wedding-photo-Ponte-Vecchio.jpg\" class=\"attachment-full size-full\" alt=\"Gli sposi adorabili durante la sessione di ritratti a Firenze a Ponte Vecchio dopo la cerimonia di matrimonio alla chiesa di San Mark\" aria-describedby=\"gallery-1-24949\" \/><\/a>\n\t\t\t<\/div>\n\t\t\t\t<figcaption class='wp-caption-text gallery-caption' id='gallery-1-24949'>\n\t\t\t\tGli sposi adorabili durante la sessione di ritratti a Firenze a Ponte Vecchio dopo la cerimonia di matrimonio alla chiesa di San Mark. Foto del fotografo di matrimoni italiano elegante e classico in Toscana con sede a Firenze Gabriele Fani.\n\t\t\t\t<\/figcaption><\/figure><figure class='gallery-item'>\n\t\t\t<div class='gallery-icon landscape'>\n\t\t\t\t<a href='https:\/\/www.gabrielefani.com\/wp-content\/uploads\/2019\/02\/090-Elizabeth-Clyde-wedding.jpg'><img loading=\"lazy\" decoding=\"async\" width=\"1800\" height=\"1200\" src=\"https:\/\/www.gabrielefani.com\/wp-content\/uploads\/2019\/02\/090-Elizabeth-Clyde-wedding.jpg\" class=\"attachment-full size-full\" alt=\"\" \/><\/a>\n\t\t\t<\/div><\/figure><figure class='gallery-item'>\n\t\t\t<div class='gallery-icon landscape'>\n\t\t\t\t<a href='https:\/\/www.gabrielefani.com\/wp-content\/uploads\/2019\/02\/091-Elizabeth-Clyde-wedding.jpg'><img loading=\"lazy\" decoding=\"async\" width=\"1800\" height=\"1200\" src=\"https:\/\/www.gabrielefani.com\/wp-content\/uploads\/2019\/02\/091-Elizabeth-Clyde-wedding.jpg\" class=\"attachment-full size-full\" alt=\"\" \/><\/a>\n\t\t\t<\/div><\/figure><figure class='gallery-item'>\n\t\t\t<div class='gallery-icon landscape'>\n\t\t\t\t<a href='https:\/\/www.gabrielefani.com\/wp-content\/uploads\/2019\/02\/092-Elizabeth-Clyde-wedding.jpg'><img loading=\"lazy\" decoding=\"async\" width=\"1800\" height=\"1200\" src=\"https:\/\/www.gabrielefani.com\/wp-content\/uploads\/2019\/02\/092-Elizabeth-Clyde-wedding.jpg\" class=\"attachment-full size-full\" alt=\"\" \/><\/a>\n\t\t\t<\/div><\/figure><figure class='gallery-item'>\n\t\t\t<div class='gallery-icon landscape'>\n\t\t\t\t<a href='https:\/\/www.gabrielefani.com\/wp-content\/uploads\/2019\/02\/093-Timeless-classic-elegant-wedding-portrait-Florence-Ponte-Vecchio.jpg'><img loading=\"lazy\" decoding=\"async\" width=\"1800\" height=\"1200\" src=\"https:\/\/www.gabrielefani.com\/wp-content\/uploads\/2019\/02\/093-Timeless-classic-elegant-wedding-portrait-Florence-Ponte-Vecchio.jpg\" class=\"attachment-full size-full\" alt=\"Ritratto senza tempo ed elegante della sposa e dello sposo vicino a Ponte Vecchio. Matrimonio intimo con ricevimento a Villa Le Fontanelle\" aria-describedby=\"gallery-1-24957\" \/><\/a>\n\t\t\t<\/div>\n\t\t\t\t<figcaption class='wp-caption-text gallery-caption' id='gallery-1-24957'>\n\t\t\t\tRitratto senza tempo ed elegante della sposa e dello sposo vicino a Ponte Vecchio. Matrimonio intimo con ricevimento a Villa Le Fontanelle. Foto del fotografo di matrimoni italiano elegante e classico in Toscana con sede a Firenze Gabriele Fani.\n\t\t\t\t<\/figcaption><\/figure><figure class='gallery-item'>\n\t\t\t<div class='gallery-icon landscape'>\n\t\t\t\t<a href='https:\/\/www.gabrielefani.com\/wp-content\/uploads\/2019\/02\/094-Elegant-bride-Elizabeth-old-vintage-car-Rolls-Royce-Florence.jpg'><img loading=\"lazy\" decoding=\"async\" width=\"1800\" height=\"1200\" src=\"https:\/\/www.gabrielefani.com\/wp-content\/uploads\/2019\/02\/094-Elegant-bride-Elizabeth-old-vintage-car-Rolls-Royce-Florence.jpg\" class=\"attachment-full size-full\" alt=\"Adorabile ritratto della sposa Elizabeth nell&#039;auto vintage Rolls Royce. Matrimonio intimo ed elegante a Firenze a Villa Le Fontanelle\" aria-describedby=\"gallery-1-24959\" \/><\/a>\n\t\t\t<\/div>\n\t\t\t\t<figcaption class='wp-caption-text gallery-caption' id='gallery-1-24959'>\n\t\t\t\tAdorabile ritratto della sposa Elizabeth nell&#8217;auto vintage Rolls Royce. Matrimonio intimo ed elegante a Firenze a Villa Le Fontanelle. Foto del fotografo di matrimoni italiano elegante e classico in Toscana con sede a Firenze Gabriele Fani.\n\t\t\t\t<\/figcaption><\/figure><figure class='gallery-item'>\n\t\t\t<div class='gallery-icon landscape'>\n\t\t\t\t<a href='https:\/\/www.gabrielefani.com\/wp-content\/uploads\/2019\/02\/095-Elizabeth-Clyde-wedding.jpg'><img loading=\"lazy\" decoding=\"async\" width=\"1800\" height=\"1200\" src=\"https:\/\/www.gabrielefani.com\/wp-content\/uploads\/2019\/02\/095-Elizabeth-Clyde-wedding.jpg\" class=\"attachment-full size-full\" alt=\"\" \/><\/a>\n\t\t\t<\/div><\/figure><figure class='gallery-item'>\n\t\t\t<div class='gallery-icon landscape'>\n\t\t\t\t<a href='https:\/\/www.gabrielefani.com\/wp-content\/uploads\/2019\/02\/096-Florence-intimate-bride-groom-portrait.jpg'><img loading=\"lazy\" decoding=\"async\" width=\"1800\" height=\"1200\" src=\"https:\/\/www.gabrielefani.com\/wp-content\/uploads\/2019\/02\/096-Florence-intimate-bride-groom-portrait.jpg\" class=\"attachment-full size-full\" alt=\"Elegante ritratto di sposi a Firenze auto vintage Rolls Royce. Matrimonio intimo in Italia con ricevimento a Villa Le Fontanelle\" aria-describedby=\"gallery-1-24963\" \/><\/a>\n\t\t\t<\/div>\n\t\t\t\t<figcaption class='wp-caption-text gallery-caption' id='gallery-1-24963'>\n\t\t\t\tElegante ritratto di sposi a Firenze auto vintage Rolls Royce. Matrimonio intimo in Italia con ricevimento a Villa Le Fontanelle. Foto del fotografo di matrimoni italiano elegante e classico in Toscana con sede a Firenze Gabriele Fani.\n\t\t\t\t<\/figcaption><\/figure><figure class='gallery-item'>\n\t\t\t<div class='gallery-icon landscape'>\n\t\t\t\t<a href='https:\/\/www.gabrielefani.com\/wp-content\/uploads\/2019\/02\/097-Elizabeth-Clyde-wedding.jpg'><img loading=\"lazy\" decoding=\"async\" width=\"1800\" height=\"1200\" src=\"https:\/\/www.gabrielefani.com\/wp-content\/uploads\/2019\/02\/097-Elizabeth-Clyde-wedding.jpg\" class=\"attachment-full size-full\" alt=\"\" \/><\/a>\n\t\t\t<\/div><\/figure><figure class='gallery-item'>\n\t\t\t<div class='gallery-icon landscape'>\n\t\t\t\t<a href='https:\/\/www.gabrielefani.com\/wp-content\/uploads\/2019\/02\/098-Beautiful-candid-photo-bride-groom-vintage-car.jpg'><img loading=\"lazy\" decoding=\"async\" width=\"1800\" height=\"1200\" src=\"https:\/\/www.gabrielefani.com\/wp-content\/uploads\/2019\/02\/098-Beautiful-candid-photo-bride-groom-vintage-car.jpg\" class=\"attachment-full size-full\" alt=\"Bel momento genuino e delicato di sposi seduti in un&#039;auto di lusso vintage. Matrimonio intimo a Firenze con ricevimento a Villa Le Fontanelle\" aria-describedby=\"gallery-1-24967\" \/><\/a>\n\t\t\t<\/div>\n\t\t\t\t<figcaption class='wp-caption-text gallery-caption' id='gallery-1-24967'>\n\t\t\t\tBel momento genuino e delicato di sposi seduti in un&#8217;auto di lusso vintage. Matrimonio intimo a Firenze con ricevimento a Villa Le Fontanelle. Foto del fotografo di matrimoni italiano elegante e classico in Toscana con sede a Firenze Gabriele Fani.\n\t\t\t\t<\/figcaption><\/figure><figure class='gallery-item'>\n\t\t\t<div class='gallery-icon landscape'>\n\t\t\t\t<a href='https:\/\/www.gabrielefani.com\/wp-content\/uploads\/2019\/02\/099-Elizabeth-Clyde-wedding.jpg'><img loading=\"lazy\" decoding=\"async\" width=\"1800\" height=\"1200\" src=\"https:\/\/www.gabrielefani.com\/wp-content\/uploads\/2019\/02\/099-Elizabeth-Clyde-wedding.jpg\" class=\"attachment-full size-full\" alt=\"\" \/><\/a>\n\t\t\t<\/div><\/figure><figure class='gallery-item'>\n\t\t\t<div class='gallery-icon landscape'>\n\t\t\t\t<a href='https:\/\/www.gabrielefani.com\/wp-content\/uploads\/2019\/02\/100-Elizabeth-Clyde-wedding.jpg'><img loading=\"lazy\" decoding=\"async\" width=\"1800\" height=\"1200\" src=\"https:\/\/www.gabrielefani.com\/wp-content\/uploads\/2019\/02\/100-Elizabeth-Clyde-wedding.jpg\" class=\"attachment-full size-full\" alt=\"\" \/><\/a>\n\t\t\t<\/div><\/figure><figure class='gallery-item'>\n\t\t\t<div class='gallery-icon landscape'>\n\t\t\t\t<a href='https:\/\/www.gabrielefani.com\/wp-content\/uploads\/2019\/02\/101-Lovely-moment-bride-groom-reportage-wedding-photo-Florence.jpg'><img loading=\"lazy\" decoding=\"async\" width=\"1800\" height=\"1200\" src=\"https:\/\/www.gabrielefani.com\/wp-content\/uploads\/2019\/02\/101-Lovely-moment-bride-groom-reportage-wedding-photo-Florence.jpg\" class=\"attachment-full size-full\" alt=\"Goditi l&#039;amore. Foto di un momento esilarante dello sposo e della sposa durante il trasporto verso la sede del matrimonio Villa Le Fontanelle. Matrimonio intimo ed elegante a Firenze\" aria-describedby=\"gallery-1-24973\" \/><\/a>\n\t\t\t<\/div>\n\t\t\t\t<figcaption class='wp-caption-text gallery-caption' id='gallery-1-24973'>\n\t\t\t\tGoditi l&#8217;amore. Foto di un momento esilarante dello sposo e della sposa durante il trasporto verso la sede del matrimonio Villa Le Fontanelle. Matrimonio intimo ed elegante a Firenze. Foto del fotografo di matrimoni italiano elegante e classico in Toscana con sede a Firenze Gabriele Fani.\n\t\t\t\t<\/figcaption><\/figure><figure class='gallery-item'>\n\t\t\t<div class='gallery-icon landscape'>\n\t\t\t\t<a href='https:\/\/www.gabrielefani.com\/wp-content\/uploads\/2019\/02\/102-Elizabeth-Clyde-wedding.jpg'><img loading=\"lazy\" decoding=\"async\" width=\"1800\" height=\"1200\" src=\"https:\/\/www.gabrielefani.com\/wp-content\/uploads\/2019\/02\/102-Elizabeth-Clyde-wedding.jpg\" class=\"attachment-full size-full\" alt=\"\" \/><\/a>\n\t\t\t<\/div><\/figure><figure class='gallery-item'>\n\t\t\t<div class='gallery-icon landscape'>\n\t\t\t\t<a href='https:\/\/www.gabrielefani.com\/wp-content\/uploads\/2019\/02\/103-Elizabeth-Clyde-wedding.jpg'><img loading=\"lazy\" decoding=\"async\" width=\"1800\" height=\"1200\" src=\"https:\/\/www.gabrielefani.com\/wp-content\/uploads\/2019\/02\/103-Elizabeth-Clyde-wedding.jpg\" class=\"attachment-full size-full\" alt=\"\" \/><\/a>\n\t\t\t<\/div><\/figure><figure class='gallery-item'>\n\t\t\t<div class='gallery-icon landscape'>\n\t\t\t\t<a href='https:\/\/www.gabrielefani.com\/wp-content\/uploads\/2019\/02\/104-Elizabeth-Clyde-wedding.jpg'><img loading=\"lazy\" decoding=\"async\" width=\"1800\" height=\"1200\" src=\"https:\/\/www.gabrielefani.com\/wp-content\/uploads\/2019\/02\/104-Elizabeth-Clyde-wedding.jpg\" class=\"attachment-full size-full\" alt=\"\" \/><\/a>\n\t\t\t<\/div><\/figure><figure class='gallery-item'>\n\t\t\t<div class='gallery-icon landscape'>\n\t\t\t\t<a href='https:\/\/www.gabrielefani.com\/wp-content\/uploads\/2019\/02\/105-Elizabeth-Clyde-wedding.jpg'><img loading=\"lazy\" decoding=\"async\" width=\"1800\" height=\"1200\" src=\"https:\/\/www.gabrielefani.com\/wp-content\/uploads\/2019\/02\/105-Elizabeth-Clyde-wedding.jpg\" class=\"attachment-full size-full\" alt=\"\" \/><\/a>\n\t\t\t<\/div><\/figure><figure class='gallery-item'>\n\t\t\t<div class='gallery-icon landscape'>\n\t\t\t\t<a href='https:\/\/www.gabrielefani.com\/wp-content\/uploads\/2019\/02\/106-Elizabeth-Clyde-wedding.jpg'><img loading=\"lazy\" decoding=\"async\" width=\"1800\" height=\"1200\" src=\"https:\/\/www.gabrielefani.com\/wp-content\/uploads\/2019\/02\/106-Elizabeth-Clyde-wedding.jpg\" class=\"attachment-full size-full\" alt=\"\" \/><\/a>\n\t\t\t<\/div><\/figure><figure class='gallery-item'>\n\t\t\t<div class='gallery-icon portrait'>\n\t\t\t\t<a href='https:\/\/www.gabrielefani.com\/wp-content\/uploads\/2019\/02\/107-Elegant-classic-wedding-photographer-Florence.jpg'><img loading=\"lazy\" decoding=\"async\" width=\"1800\" height=\"2701\" src=\"https:\/\/www.gabrielefani.com\/wp-content\/uploads\/2019\/02\/107-Elegant-classic-wedding-photographer-Florence.jpg\" class=\"attachment-full size-full\" alt=\"Foto di sposi classica ed elegante a Villa Le Fontanelle con la vecchia macchina Rolls Royce vintage\" aria-describedby=\"gallery-1-24985\" \/><\/a>\n\t\t\t<\/div>\n\t\t\t\t<figcaption class='wp-caption-text gallery-caption' id='gallery-1-24985'>\n\t\t\t\tFoto di sposi classica ed elegante a Villa Le Fontanelle con la vecchia macchina Rolls Royce vintage. Foto del fotografo di matrimoni italiano elegante e classico in Toscana con sede a Firenze Gabriele Fani.\n\t\t\t\t<\/figcaption><\/figure><figure class='gallery-item'>\n\t\t\t<div class='gallery-icon portrait'>\n\t\t\t\t<a href='https:\/\/www.gabrielefani.com\/wp-content\/uploads\/2019\/02\/108-Elizabeth-Clyde-wedding.jpg'><img loading=\"lazy\" decoding=\"async\" width=\"1800\" height=\"2701\" src=\"https:\/\/www.gabrielefani.com\/wp-content\/uploads\/2019\/02\/108-Elizabeth-Clyde-wedding.jpg\" class=\"attachment-full size-full\" alt=\"\" \/><\/a>\n\t\t\t<\/div><\/figure><figure class='gallery-item'>\n\t\t\t<div class='gallery-icon landscape'>\n\t\t\t\t<a href='https:\/\/www.gabrielefani.com\/wp-content\/uploads\/2019\/02\/109-Elizabeth-Clyde-wedding.jpg'><img loading=\"lazy\" decoding=\"async\" width=\"1800\" height=\"1344\" src=\"https:\/\/www.gabrielefani.com\/wp-content\/uploads\/2019\/02\/109-Elizabeth-Clyde-wedding.jpg\" class=\"attachment-full size-full\" alt=\"\" \/><\/a>\n\t\t\t<\/div><\/figure><figure class='gallery-item'>\n\t\t\t<div class='gallery-icon portrait'>\n\t\t\t\t<a href='https:\/\/www.gabrielefani.com\/wp-content\/uploads\/2019\/02\/110-Elizabeth-Clyde-wedding.jpg'><img loading=\"lazy\" decoding=\"async\" width=\"1800\" height=\"2701\" src=\"https:\/\/www.gabrielefani.com\/wp-content\/uploads\/2019\/02\/110-Elizabeth-Clyde-wedding.jpg\" class=\"attachment-full size-full\" alt=\"\" \/><\/a>\n\t\t\t<\/div><\/figure><figure class='gallery-item'>\n\t\t\t<div class='gallery-icon landscape'>\n\t\t\t\t<a href='https:\/\/www.gabrielefani.com\/wp-content\/uploads\/2019\/02\/111-Elizabeth-Clyde-wedding.jpg'><img loading=\"lazy\" decoding=\"async\" width=\"1800\" height=\"1200\" src=\"https:\/\/www.gabrielefani.com\/wp-content\/uploads\/2019\/02\/111-Elizabeth-Clyde-wedding.jpg\" class=\"attachment-full size-full\" alt=\"\" \/><\/a>\n\t\t\t<\/div><\/figure><figure class='gallery-item'>\n\t\t\t<div class='gallery-icon landscape'>\n\t\t\t\t<a href='https:\/\/www.gabrielefani.com\/wp-content\/uploads\/2019\/02\/112-Elizabeth-Clyde-wedding.jpg'><img loading=\"lazy\" decoding=\"async\" width=\"1800\" height=\"1200\" src=\"https:\/\/www.gabrielefani.com\/wp-content\/uploads\/2019\/02\/112-Elizabeth-Clyde-wedding.jpg\" class=\"attachment-full size-full\" alt=\"\" \/><\/a>\n\t\t\t<\/div><\/figure><figure class='gallery-item'>\n\t\t\t<div class='gallery-icon landscape'>\n\t\t\t\t<a href='https:\/\/www.gabrielefani.com\/wp-content\/uploads\/2019\/02\/113-Elizabeth-Clyde-wedding.jpg'><img loading=\"lazy\" decoding=\"async\" width=\"1800\" height=\"1200\" src=\"https:\/\/www.gabrielefani.com\/wp-content\/uploads\/2019\/02\/113-Elizabeth-Clyde-wedding.jpg\" class=\"attachment-full size-full\" alt=\"\" \/><\/a>\n\t\t\t<\/div><\/figure><figure class='gallery-item'>\n\t\t\t<div class='gallery-icon landscape'>\n\t\t\t\t<a href='https:\/\/www.gabrielefani.com\/wp-content\/uploads\/2019\/02\/114-Bride-groom-exciting-moment-during-petal-throwing-Villa-Le-Fontanelle-Florence.jpg'><img loading=\"lazy\" decoding=\"async\" width=\"1800\" height=\"1200\" src=\"https:\/\/www.gabrielefani.com\/wp-content\/uploads\/2019\/02\/114-Bride-groom-exciting-moment-during-petal-throwing-Villa-Le-Fontanelle-Florence.jpg\" class=\"attachment-full size-full\" alt=\"Splendida ed emozionante foto di matrimonio durante il lancio di petali a Villa Le Fontanelle per questo matrimonio elegante e intimo a Firenze\" aria-describedby=\"gallery-1-24999\" \/><\/a>\n\t\t\t<\/div>\n\t\t\t\t<figcaption class='wp-caption-text gallery-caption' id='gallery-1-24999'>\n\t\t\t\tSplendida ed emozionante foto di matrimonio durante il lancio di petali a Villa Le Fontanelle per questo matrimonio elegante e intimo a Firenze. Foto del fotografo di matrimoni italiano elegante e classico in Toscana con sede a Firenze Gabriele Fani.\n\t\t\t\t<\/figcaption><\/figure><figure class='gallery-item'>\n\t\t\t<div class='gallery-icon landscape'>\n\t\t\t\t<a href='https:\/\/www.gabrielefani.com\/wp-content\/uploads\/2019\/02\/115-Elizabeth-Clyde-wedding.jpg'><img loading=\"lazy\" decoding=\"async\" width=\"1800\" height=\"1200\" src=\"https:\/\/www.gabrielefani.com\/wp-content\/uploads\/2019\/02\/115-Elizabeth-Clyde-wedding.jpg\" class=\"attachment-full size-full\" alt=\"\" \/><\/a>\n\t\t\t<\/div><\/figure><figure class='gallery-item'>\n\t\t\t<div class='gallery-icon landscape'>\n\t\t\t\t<a href='https:\/\/www.gabrielefani.com\/wp-content\/uploads\/2019\/02\/116-Elizabeth-Clyde-wedding.jpg'><img loading=\"lazy\" decoding=\"async\" width=\"1800\" height=\"1200\" src=\"https:\/\/www.gabrielefani.com\/wp-content\/uploads\/2019\/02\/116-Elizabeth-Clyde-wedding.jpg\" class=\"attachment-full size-full\" alt=\"\" \/><\/a>\n\t\t\t<\/div><\/figure><figure class='gallery-item'>\n\t\t\t<div class='gallery-icon landscape'>\n\t\t\t\t<a href='https:\/\/www.gabrielefani.com\/wp-content\/uploads\/2019\/02\/117-Elegant-classic-imperial-table-decor-Villa-Le-Fontanelle-Dinner.jpg'><img loading=\"lazy\" decoding=\"async\" width=\"1800\" height=\"1200\" src=\"https:\/\/www.gabrielefani.com\/wp-content\/uploads\/2019\/02\/117-Elegant-classic-imperial-table-decor-Villa-Le-Fontanelle-Dinner.jpg\" class=\"attachment-full size-full\" alt=\"Elegante ed affascinante tavolo da pranzo imperiale a Villa Le Fontanelle. Matrimonio intimo a Firenze\" aria-describedby=\"gallery-1-25005\" \/><\/a>\n\t\t\t<\/div>\n\t\t\t\t<figcaption class='wp-caption-text gallery-caption' id='gallery-1-25005'>\n\t\t\t\tElegante ed affascinante tavolo da pranzo imperiale a Villa Le Fontanelle. Matrimonio intimo a Firenze. Foto del fotografo di matrimoni italiano elegante e classico in Toscana con sede a Firenze Gabriele Fani.\n\t\t\t\t<\/figcaption><\/figure><figure class='gallery-item'>\n\t\t\t<div class='gallery-icon landscape'>\n\t\t\t\t<a href='https:\/\/www.gabrielefani.com\/wp-content\/uploads\/2019\/02\/118-Elizabeth-Clyde-wedding.jpg'><img loading=\"lazy\" decoding=\"async\" width=\"1800\" height=\"1200\" src=\"https:\/\/www.gabrielefani.com\/wp-content\/uploads\/2019\/02\/118-Elizabeth-Clyde-wedding.jpg\" class=\"attachment-full size-full\" alt=\"\" \/><\/a>\n\t\t\t<\/div><\/figure><figure class='gallery-item'>\n\t\t\t<div class='gallery-icon landscape'>\n\t\t\t\t<a href='https:\/\/www.gabrielefani.com\/wp-content\/uploads\/2019\/02\/119-Elizabeth-Clyde-wedding.jpg'><img loading=\"lazy\" decoding=\"async\" width=\"1800\" height=\"1344\" src=\"https:\/\/www.gabrielefani.com\/wp-content\/uploads\/2019\/02\/119-Elizabeth-Clyde-wedding.jpg\" class=\"attachment-full size-full\" alt=\"\" \/><\/a>\n\t\t\t<\/div><\/figure><figure class='gallery-item'>\n\t\t\t<div class='gallery-icon landscape'>\n\t\t\t\t<a href='https:\/\/www.gabrielefani.com\/wp-content\/uploads\/2019\/02\/120-Elizabeth-Clyde-wedding.jpg'><img loading=\"lazy\" decoding=\"async\" width=\"1800\" height=\"1200\" src=\"https:\/\/www.gabrielefani.com\/wp-content\/uploads\/2019\/02\/120-Elizabeth-Clyde-wedding.jpg\" class=\"attachment-full size-full\" alt=\"\" \/><\/a>\n\t\t\t<\/div><\/figure><figure class='gallery-item'>\n\t\t\t<div class='gallery-icon landscape'>\n\t\t\t\t<a href='https:\/\/www.gabrielefani.com\/wp-content\/uploads\/2019\/02\/121-Elizabeth-Clyde-wedding.jpg'><img loading=\"lazy\" decoding=\"async\" width=\"1800\" height=\"1200\" src=\"https:\/\/www.gabrielefani.com\/wp-content\/uploads\/2019\/02\/121-Elizabeth-Clyde-wedding.jpg\" class=\"attachment-full size-full\" alt=\"\" \/><\/a>\n\t\t\t<\/div><\/figure><figure class='gallery-item'>\n\t\t\t<div class='gallery-icon landscape'>\n\t\t\t\t<a href='https:\/\/www.gabrielefani.com\/wp-content\/uploads\/2019\/02\/122-Elizabeth-Clyde-wedding.jpg'><img loading=\"lazy\" decoding=\"async\" width=\"1800\" height=\"1200\" src=\"https:\/\/www.gabrielefani.com\/wp-content\/uploads\/2019\/02\/122-Elizabeth-Clyde-wedding.jpg\" class=\"attachment-full size-full\" alt=\"\" \/><\/a>\n\t\t\t<\/div><\/figure><figure class='gallery-item'>\n\t\t\t<div class='gallery-icon landscape'>\n\t\t\t\t<a href='https:\/\/www.gabrielefani.com\/wp-content\/uploads\/2019\/02\/123-Elizabeth-Clyde-wedding.jpg'><img loading=\"lazy\" decoding=\"async\" width=\"1800\" height=\"1200\" src=\"https:\/\/www.gabrielefani.com\/wp-content\/uploads\/2019\/02\/123-Elizabeth-Clyde-wedding.jpg\" class=\"attachment-full size-full\" alt=\"\" \/><\/a>\n\t\t\t<\/div><\/figure><figure class='gallery-item'>\n\t\t\t<div class='gallery-icon landscape'>\n\t\t\t\t<a href='https:\/\/www.gabrielefani.com\/wp-content\/uploads\/2019\/02\/124-Elizabeth-Clyde-wedding.jpg'><img loading=\"lazy\" decoding=\"async\" width=\"1800\" height=\"1200\" src=\"https:\/\/www.gabrielefani.com\/wp-content\/uploads\/2019\/02\/124-Elizabeth-Clyde-wedding.jpg\" class=\"attachment-full size-full\" alt=\"\" \/><\/a>\n\t\t\t<\/div><\/figure><figure class='gallery-item'>\n\t\t\t<div class='gallery-icon landscape'>\n\t\t\t\t<a href='https:\/\/www.gabrielefani.com\/wp-content\/uploads\/2019\/02\/125-Elizabeth-Clyde-wedding.jpg'><img loading=\"lazy\" decoding=\"async\" width=\"1800\" height=\"1200\" src=\"https:\/\/www.gabrielefani.com\/wp-content\/uploads\/2019\/02\/125-Elizabeth-Clyde-wedding.jpg\" class=\"attachment-full size-full\" alt=\"\" \/><\/a>\n\t\t\t<\/div><\/figure><figure class='gallery-item'>\n\t\t\t<div class='gallery-icon landscape'>\n\t\t\t\t<a href='https:\/\/www.gabrielefani.com\/wp-content\/uploads\/2019\/02\/126-Elizabeth-Clyde-wedding.jpg'><img loading=\"lazy\" decoding=\"async\" width=\"1800\" height=\"1200\" src=\"https:\/\/www.gabrielefani.com\/wp-content\/uploads\/2019\/02\/126-Elizabeth-Clyde-wedding.jpg\" class=\"attachment-full size-full\" alt=\"\" \/><\/a>\n\t\t\t<\/div><\/figure><figure class='gallery-item'>\n\t\t\t<div class='gallery-icon landscape'>\n\t\t\t\t<a href='https:\/\/www.gabrielefani.com\/wp-content\/uploads\/2019\/02\/127-Elizabeth-Clyde-wedding.jpg'><img loading=\"lazy\" decoding=\"async\" width=\"1800\" height=\"1200\" src=\"https:\/\/www.gabrielefani.com\/wp-content\/uploads\/2019\/02\/127-Elizabeth-Clyde-wedding.jpg\" class=\"attachment-full size-full\" alt=\"\" \/><\/a>\n\t\t\t<\/div><\/figure><figure class='gallery-item'>\n\t\t\t<div class='gallery-icon landscape'>\n\t\t\t\t<a href='https:\/\/www.gabrielefani.com\/wp-content\/uploads\/2019\/02\/128-Elizabeth-Clyde-wedding.jpg'><img loading=\"lazy\" decoding=\"async\" width=\"1800\" height=\"1200\" src=\"https:\/\/www.gabrielefani.com\/wp-content\/uploads\/2019\/02\/128-Elizabeth-Clyde-wedding.jpg\" class=\"attachment-full size-full\" alt=\"\" \/><\/a>\n\t\t\t<\/div><\/figure><figure class='gallery-item'>\n\t\t\t<div class='gallery-icon landscape'>\n\t\t\t\t<a href='https:\/\/www.gabrielefani.com\/wp-content\/uploads\/2019\/02\/129-Bride-groom-cake-cut-Villa-Le-Fontanelle.jpg'><img loading=\"lazy\" decoding=\"async\" width=\"1800\" height=\"1200\" src=\"https:\/\/www.gabrielefani.com\/wp-content\/uploads\/2019\/02\/129-Bride-groom-cake-cut-Villa-Le-Fontanelle.jpg\" class=\"attachment-full size-full\" alt=\"Delizioso taglio della torta a Villa Le Fontanelle, Firenze. Matrimonio intimo in Italia\" aria-describedby=\"gallery-1-25029\" \/><\/a>\n\t\t\t<\/div>\n\t\t\t\t<figcaption class='wp-caption-text gallery-caption' id='gallery-1-25029'>\n\t\t\t\tDelizioso taglio della torta a Villa Le Fontanelle, Firenze. Matrimonio intimo in Italia. Foto del fotografo di matrimoni italiano elegante e classico in Toscana con sede a Firenze Gabriele Fani.\n\t\t\t\t<\/figcaption><\/figure><figure class='gallery-item'>\n\t\t\t<div class='gallery-icon landscape'>\n\t\t\t\t<a href='https:\/\/www.gabrielefani.com\/wp-content\/uploads\/2019\/02\/130-Elizabeth-Clyde-wedding.jpg'><img loading=\"lazy\" decoding=\"async\" width=\"1800\" height=\"1200\" src=\"https:\/\/www.gabrielefani.com\/wp-content\/uploads\/2019\/02\/130-Elizabeth-Clyde-wedding.jpg\" class=\"attachment-full size-full\" alt=\"\" \/><\/a>\n\t\t\t<\/div><\/figure><figure class='gallery-item'>\n\t\t\t<div class='gallery-icon landscape'>\n\t\t\t\t<a href='https:\/\/www.gabrielefani.com\/wp-content\/uploads\/2019\/02\/131-Elizabeth-Clyde-wedding.jpg'><img loading=\"lazy\" decoding=\"async\" width=\"1800\" height=\"1200\" src=\"https:\/\/www.gabrielefani.com\/wp-content\/uploads\/2019\/02\/131-Elizabeth-Clyde-wedding.jpg\" class=\"attachment-full size-full\" alt=\"\" \/><\/a>\n\t\t\t<\/div><\/figure><figure class='gallery-item'>\n\t\t\t<div class='gallery-icon landscape'>\n\t\t\t\t<a href='https:\/\/www.gabrielefani.com\/wp-content\/uploads\/2019\/02\/132-Elizabeth-Clyde-wedding.jpg'><img loading=\"lazy\" decoding=\"async\" width=\"1800\" height=\"1200\" src=\"https:\/\/www.gabrielefani.com\/wp-content\/uploads\/2019\/02\/132-Elizabeth-Clyde-wedding.jpg\" class=\"attachment-full size-full\" alt=\"\" \/><\/a>\n\t\t\t<\/div><\/figure><figure class='gallery-item'>\n\t\t\t<div class='gallery-icon landscape'>\n\t\t\t\t<a href='https:\/\/www.gabrielefani.com\/wp-content\/uploads\/2019\/02\/133-Elizabeth-Clyde-wedding.jpg'><img loading=\"lazy\" decoding=\"async\" width=\"1800\" height=\"1344\" src=\"https:\/\/www.gabrielefani.com\/wp-content\/uploads\/2019\/02\/133-Elizabeth-Clyde-wedding.jpg\" class=\"attachment-full size-full\" alt=\"\" \/><\/a>\n\t\t\t<\/div><\/figure><figure class='gallery-item'>\n\t\t\t<div class='gallery-icon landscape'>\n\t\t\t\t<a href='https:\/\/www.gabrielefani.com\/wp-content\/uploads\/2019\/02\/134-Elizabeth-Clyde-wedding.jpg'><img loading=\"lazy\" decoding=\"async\" width=\"1800\" height=\"1200\" src=\"https:\/\/www.gabrielefani.com\/wp-content\/uploads\/2019\/02\/134-Elizabeth-Clyde-wedding.jpg\" class=\"attachment-full size-full\" alt=\"\" \/><\/a>\n\t\t\t<\/div><\/figure><figure class='gallery-item'>\n\t\t\t<div class='gallery-icon landscape'>\n\t\t\t\t<a href='https:\/\/www.gabrielefani.com\/wp-content\/uploads\/2019\/02\/135-Bride-piano-live-performance-concert-destination-wedding-Florence.jpg'><img loading=\"lazy\" decoding=\"async\" width=\"1800\" height=\"1200\" src=\"https:\/\/www.gabrielefani.com\/wp-content\/uploads\/2019\/02\/135-Bride-piano-live-performance-concert-destination-wedding-Florence.jpg\" class=\"attachment-full size-full\" alt=\"Splendido e indimenticabile concerto con pianoforte dal vivo della sposa Elisabetta insieme all&#039;amico d&#039;infanzia a Villa Le Fontanelle. Matrimonio intimo ed elegante a Firenze\" aria-describedby=\"gallery-1-25041\" \/><\/a>\n\t\t\t<\/div>\n\t\t\t\t<figcaption class='wp-caption-text gallery-caption' id='gallery-1-25041'>\n\t\t\t\tSplendido e indimenticabile concerto con pianoforte dal vivo della sposa Elisabetta insieme all&#8217;amico d&#8217;infanzia a Villa Le Fontanelle. Matrimonio intimo ed elegante a Firenze. Foto del fotografo di matrimoni italiano elegante e classico in Toscana con sede a Firenze Gabriele Fani.\n\t\t\t\t<\/figcaption><\/figure><figure class='gallery-item'>\n\t\t\t<div class='gallery-icon landscape'>\n\t\t\t\t<a href='https:\/\/www.gabrielefani.com\/wp-content\/uploads\/2019\/02\/136-Bride-live-performance-concert-destination-wedding-Florence-Villa-Le-Fontanelle.jpg'><img loading=\"lazy\" decoding=\"async\" width=\"1800\" height=\"1200\" src=\"https:\/\/www.gabrielefani.com\/wp-content\/uploads\/2019\/02\/136-Bride-live-performance-concert-destination-wedding-Florence-Villa-Le-Fontanelle.jpg\" class=\"attachment-full size-full\" alt=\"Splendido e indimenticabile concerto con pianoforte dal vivo della sposa Elisabetta insieme all&#039;amico d&#039;infanzia a Villa Le Fontanelle. Matrimonio intimo ed elegante a Firenze\" aria-describedby=\"gallery-1-25043\" \/><\/a>\n\t\t\t<\/div>\n\t\t\t\t<figcaption class='wp-caption-text gallery-caption' id='gallery-1-25043'>\n\t\t\t\tSplendido e indimenticabile concerto con pianoforte dal vivo della sposa Elisabetta insieme all&#8217;amico d&#8217;infanzia a Villa Le Fontanelle. Matrimonio intimo ed elegante a Firenze. Foto del fotografo di matrimoni italiano elegante e classico in Toscana con sede a Firenze Gabriele Fani.\n\t\t\t\t<\/figcaption><\/figure><figure class='gallery-item'>\n\t\t\t<div class='gallery-icon landscape'>\n\t\t\t\t<a href='https:\/\/www.gabrielefani.com\/wp-content\/uploads\/2019\/02\/137-Elizabeth-Clyde-wedding.jpg'><img loading=\"lazy\" decoding=\"async\" width=\"1800\" height=\"597\" src=\"https:\/\/www.gabrielefani.com\/wp-content\/uploads\/2019\/02\/137-Elizabeth-Clyde-wedding.jpg\" class=\"attachment-full size-full\" alt=\"\" \/><\/a>\n\t\t\t<\/div><\/figure><figure class='gallery-item'>\n\t\t\t<div class='gallery-icon landscape'>\n\t\t\t\t<a href='https:\/\/www.gabrielefani.com\/wp-content\/uploads\/2019\/02\/138-Elizabeth-Clyde-wedding.jpg'><img loading=\"lazy\" decoding=\"async\" width=\"1800\" height=\"1200\" src=\"https:\/\/www.gabrielefani.com\/wp-content\/uploads\/2019\/02\/138-Elizabeth-Clyde-wedding.jpg\" class=\"attachment-full size-full\" alt=\"\" \/><\/a>\n\t\t\t<\/div><\/figure><figure class='gallery-item'>\n\t\t\t<div class='gallery-icon landscape'>\n\t\t\t\t<a href='https:\/\/www.gabrielefani.com\/wp-content\/uploads\/2019\/02\/139-Elizabeth-Clyde-wedding.jpg'><img loading=\"lazy\" decoding=\"async\" width=\"1800\" height=\"1200\" src=\"https:\/\/www.gabrielefani.com\/wp-content\/uploads\/2019\/02\/139-Elizabeth-Clyde-wedding.jpg\" class=\"attachment-full size-full\" alt=\"\" \/><\/a>\n\t\t\t<\/div><\/figure><figure class='gallery-item'>\n\t\t\t<div class='gallery-icon landscape'>\n\t\t\t\t<a href='https:\/\/www.gabrielefani.com\/wp-content\/uploads\/2019\/02\/140-Elizabeth-Clyde-wedding.jpg'><img loading=\"lazy\" decoding=\"async\" width=\"1800\" height=\"1200\" src=\"https:\/\/www.gabrielefani.com\/wp-content\/uploads\/2019\/02\/140-Elizabeth-Clyde-wedding.jpg\" class=\"attachment-full size-full\" alt=\"\" \/><\/a>\n\t\t\t<\/div><\/figure><figure class='gallery-item'>\n\t\t\t<div class='gallery-icon landscape'>\n\t\t\t\t<a href='https:\/\/www.gabrielefani.com\/wp-content\/uploads\/2019\/02\/141-Elizabeth-Clyde-wedding.jpg'><img loading=\"lazy\" decoding=\"async\" width=\"1800\" height=\"1200\" src=\"https:\/\/www.gabrielefani.com\/wp-content\/uploads\/2019\/02\/141-Elizabeth-Clyde-wedding.jpg\" class=\"attachment-full size-full\" alt=\"\" \/><\/a>\n\t\t\t<\/div><\/figure><figure class='gallery-item'>\n\t\t\t<div class='gallery-icon landscape'>\n\t\t\t\t<a href='https:\/\/www.gabrielefani.com\/wp-content\/uploads\/2019\/02\/142-Bride-live-concert-for-groom-intimate-destination-wedding-Florence-Villa-Le-Fontanelle.jpg'><img loading=\"lazy\" decoding=\"async\" width=\"1800\" height=\"1200\" src=\"https:\/\/www.gabrielefani.com\/wp-content\/uploads\/2019\/02\/142-Bride-live-concert-for-groom-intimate-destination-wedding-Florence-Villa-Le-Fontanelle.jpg\" class=\"attachment-full size-full\" alt=\"Concerto dal vivo emozionante e indimenticabile della sposa Elisabetta allo sposo di Villa Le Fontanelle. Matrimonio intimo ed elegante a Firenze\" aria-describedby=\"gallery-1-25055\" \/><\/a>\n\t\t\t<\/div>\n\t\t\t\t<figcaption class='wp-caption-text gallery-caption' id='gallery-1-25055'>\n\t\t\t\tConcerto dal vivo emozionante e indimenticabile della sposa Elisabetta allo sposo di Villa Le Fontanelle. Matrimonio intimo ed elegante a Firenze. Foto del fotografo di matrimoni italiano elegante e classico in Toscana con sede a Firenze Gabriele Fani.\n\t\t\t\t<\/figcaption><\/figure><figure class='gallery-item'>\n\t\t\t<div class='gallery-icon landscape'>\n\t\t\t\t<a href='https:\/\/www.gabrielefani.com\/wp-content\/uploads\/2019\/02\/143-Elizabeth-Clyde-wedding.jpg'><img loading=\"lazy\" decoding=\"async\" width=\"1800\" height=\"1200\" src=\"https:\/\/www.gabrielefani.com\/wp-content\/uploads\/2019\/02\/143-Elizabeth-Clyde-wedding.jpg\" class=\"attachment-full size-full\" alt=\"\" \/><\/a>\n\t\t\t<\/div><\/figure><figure class='gallery-item'>\n\t\t\t<div class='gallery-icon landscape'>\n\t\t\t\t<a href='https:\/\/www.gabrielefani.com\/wp-content\/uploads\/2019\/02\/144-Elizabeth-Clyde-wedding.jpg'><img loading=\"lazy\" decoding=\"async\" width=\"1800\" height=\"1200\" src=\"https:\/\/www.gabrielefani.com\/wp-content\/uploads\/2019\/02\/144-Elizabeth-Clyde-wedding.jpg\" class=\"attachment-full size-full\" alt=\"\" \/><\/a>\n\t\t\t<\/div><\/figure><figure class='gallery-item'>\n\t\t\t<div class='gallery-icon landscape'>\n\t\t\t\t<a href='https:\/\/www.gabrielefani.com\/wp-content\/uploads\/2019\/02\/145-Elizabeth-Clyde-wedding.jpg'><img loading=\"lazy\" decoding=\"async\" width=\"1800\" height=\"1200\" src=\"https:\/\/www.gabrielefani.com\/wp-content\/uploads\/2019\/02\/145-Elizabeth-Clyde-wedding.jpg\" class=\"attachment-full size-full\" alt=\"\" \/><\/a>\n\t\t\t<\/div><\/figure><figure class='gallery-item'>\n\t\t\t<div class='gallery-icon landscape'>\n\t\t\t\t<a href='https:\/\/www.gabrielefani.com\/wp-content\/uploads\/2019\/02\/146-Elizabeth-Clyde-wedding.jpg'><img loading=\"lazy\" decoding=\"async\" width=\"1800\" height=\"1200\" src=\"https:\/\/www.gabrielefani.com\/wp-content\/uploads\/2019\/02\/146-Elizabeth-Clyde-wedding.jpg\" class=\"attachment-full size-full\" alt=\"\" \/><\/a>\n\t\t\t<\/div><\/figure><figure class='gallery-item'>\n\t\t\t<div class='gallery-icon landscape'>\n\t\t\t\t<a href='https:\/\/www.gabrielefani.com\/wp-content\/uploads\/2019\/02\/147-Elizabeth-Clyde-wedding.jpg'><img loading=\"lazy\" decoding=\"async\" width=\"1800\" height=\"1200\" src=\"https:\/\/www.gabrielefani.com\/wp-content\/uploads\/2019\/02\/147-Elizabeth-Clyde-wedding.jpg\" class=\"attachment-full size-full\" alt=\"\" \/><\/a>\n\t\t\t<\/div><\/figure><figure class='gallery-item'>\n\t\t\t<div class='gallery-icon landscape'>\n\t\t\t\t<a href='https:\/\/www.gabrielefani.com\/wp-content\/uploads\/2019\/02\/148-Bride-groom-first-dance-Villa-Le-Fontanelle-Florence.jpg'><img loading=\"lazy\" decoding=\"async\" width=\"1800\" height=\"1200\" src=\"https:\/\/www.gabrielefani.com\/wp-content\/uploads\/2019\/02\/148-Bride-groom-first-dance-Villa-Le-Fontanelle-Florence.jpg\" class=\"attachment-full size-full\" alt=\"Primo ballo emozionale degli sposi a Firenze a Villa Le Fontanelle. Matrimonio intimo a Firenze\" aria-describedby=\"gallery-1-25067\" \/><\/a>\n\t\t\t<\/div>\n\t\t\t\t<figcaption class='wp-caption-text gallery-caption' id='gallery-1-25067'>\n\t\t\t\tPrimo ballo emozionale degli sposi a Firenze a Villa Le Fontanelle. Matrimonio intimo a Firenze. Foto del fotografo di matrimoni italiano elegante e classico in Toscana con sede a Firenze Gabriele Fani.\n\t\t\t\t<\/figcaption><\/figure><figure class='gallery-item'>\n\t\t\t<div class='gallery-icon landscape'>\n\t\t\t\t<a href='https:\/\/www.gabrielefani.com\/wp-content\/uploads\/2019\/02\/149-Elizabeth-Clyde-wedding.jpg'><img loading=\"lazy\" decoding=\"async\" width=\"1800\" height=\"1200\" src=\"https:\/\/www.gabrielefani.com\/wp-content\/uploads\/2019\/02\/149-Elizabeth-Clyde-wedding.jpg\" class=\"attachment-full size-full\" alt=\"\" \/><\/a>\n\t\t\t<\/div><\/figure><figure class='gallery-item'>\n\t\t\t<div class='gallery-icon landscape'>\n\t\t\t\t<a href='https:\/\/www.gabrielefani.com\/wp-content\/uploads\/2019\/02\/150-Elizabeth-Clyde-wedding.jpg'><img loading=\"lazy\" decoding=\"async\" width=\"1800\" height=\"1200\" src=\"https:\/\/www.gabrielefani.com\/wp-content\/uploads\/2019\/02\/150-Elizabeth-Clyde-wedding.jpg\" class=\"attachment-full size-full\" alt=\"\" \/><\/a>\n\t\t\t<\/div><\/figure><figure class='gallery-item'>\n\t\t\t<div class='gallery-icon landscape'>\n\t\t\t\t<a href='https:\/\/www.gabrielefani.com\/wp-content\/uploads\/2019\/02\/151-Elizabeth-Clyde-wedding.jpg'><img loading=\"lazy\" decoding=\"async\" width=\"1800\" height=\"1200\" src=\"https:\/\/www.gabrielefani.com\/wp-content\/uploads\/2019\/02\/151-Elizabeth-Clyde-wedding.jpg\" class=\"attachment-full size-full\" alt=\"\" \/><\/a>\n\t\t\t<\/div><\/figure><figure class='gallery-item'>\n\t\t\t<div class='gallery-icon landscape'>\n\t\t\t\t<a href='https:\/\/www.gabrielefani.com\/wp-content\/uploads\/2019\/02\/152-Elizabeth-Clyde-wedding.jpg'><img loading=\"lazy\" decoding=\"async\" width=\"1800\" height=\"1200\" src=\"https:\/\/www.gabrielefani.com\/wp-content\/uploads\/2019\/02\/152-Elizabeth-Clyde-wedding.jpg\" class=\"attachment-full size-full\" alt=\"\" \/><\/a>\n\t\t\t<\/div><\/figure><figure class='gallery-item'>\n\t\t\t<div class='gallery-icon landscape'>\n\t\t\t\t<a href='https:\/\/www.gabrielefani.com\/wp-content\/uploads\/2019\/02\/153-Elizabeth-Clyde-wedding.jpg'><img loading=\"lazy\" decoding=\"async\" width=\"1800\" height=\"1200\" src=\"https:\/\/www.gabrielefani.com\/wp-content\/uploads\/2019\/02\/153-Elizabeth-Clyde-wedding.jpg\" class=\"attachment-full size-full\" alt=\"\" \/><\/a>\n\t\t\t<\/div><\/figure><figure class='gallery-item'>\n\t\t\t<div class='gallery-icon landscape'>\n\t\t\t\t<a href='https:\/\/www.gabrielefani.com\/wp-content\/uploads\/2019\/02\/154-Elizabeth-Clyde-wedding.jpg'><img loading=\"lazy\" decoding=\"async\" width=\"1800\" height=\"1200\" src=\"https:\/\/www.gabrielefani.com\/wp-content\/uploads\/2019\/02\/154-Elizabeth-Clyde-wedding.jpg\" class=\"attachment-full size-full\" alt=\"\" \/><\/a>\n\t\t\t<\/div><\/figure><figure class='gallery-item'>\n\t\t\t<div class='gallery-icon landscape'>\n\t\t\t\t<a href='https:\/\/www.gabrielefani.com\/wp-content\/uploads\/2019\/02\/155-Elizabeth-Clyde-wedding.jpg'><img loading=\"lazy\" decoding=\"async\" width=\"1800\" height=\"1200\" src=\"https:\/\/www.gabrielefani.com\/wp-content\/uploads\/2019\/02\/155-Elizabeth-Clyde-wedding.jpg\" class=\"attachment-full size-full\" alt=\"\" \/><\/a>\n\t\t\t<\/div><\/figure><figure class='gallery-item'>\n\t\t\t<div class='gallery-icon landscape'>\n\t\t\t\t<a href='https:\/\/www.gabrielefani.com\/wp-content\/uploads\/2019\/02\/156-Elizabeth-Clyde-wedding.jpg'><img loading=\"lazy\" decoding=\"async\" width=\"1800\" height=\"597\" src=\"https:\/\/www.gabrielefani.com\/wp-content\/uploads\/2019\/02\/156-Elizabeth-Clyde-wedding.jpg\" class=\"attachment-full size-full\" alt=\"\" \/><\/a>\n\t\t\t<\/div><\/figure><figure class='gallery-item'>\n\t\t\t<div class='gallery-icon landscape'>\n\t\t\t\t<a href='https:\/\/www.gabrielefani.com\/wp-content\/uploads\/2019\/02\/157-Elizabeth-Clyde-wedding.jpg'><img loading=\"lazy\" decoding=\"async\" width=\"1800\" height=\"1200\" src=\"https:\/\/www.gabrielefani.com\/wp-content\/uploads\/2019\/02\/157-Elizabeth-Clyde-wedding.jpg\" class=\"attachment-full size-full\" alt=\"\" \/><\/a>\n\t\t\t<\/div><\/figure><figure class='gallery-item'>\n\t\t\t<div class='gallery-icon landscape'>\n\t\t\t\t<a href='https:\/\/www.gabrielefani.com\/wp-content\/uploads\/2019\/02\/158-Elizabeth-Clyde-wedding.jpg'><img loading=\"lazy\" decoding=\"async\" width=\"1800\" height=\"1200\" src=\"https:\/\/www.gabrielefani.com\/wp-content\/uploads\/2019\/02\/158-Elizabeth-Clyde-wedding.jpg\" class=\"attachment-full size-full\" alt=\"\" \/><\/a>\n\t\t\t<\/div><\/figure><figure class='gallery-item'>\n\t\t\t<div class='gallery-icon landscape'>\n\t\t\t\t<a href='https:\/\/www.gabrielefani.com\/wp-content\/uploads\/2019\/02\/159-Elizabeth-Clyde-wedding.jpg'><img loading=\"lazy\" decoding=\"async\" width=\"1800\" height=\"1200\" src=\"https:\/\/www.gabrielefani.com\/wp-content\/uploads\/2019\/02\/159-Elizabeth-Clyde-wedding.jpg\" class=\"attachment-full size-full\" alt=\"\" \/><\/a>\n\t\t\t<\/div><\/figure>\n\t\t<\/div>\n\n","protected":false},"excerpt":{"rendered":"<p>Avere foto di fidanzamento e di matrimonio scattate dallo stesso fotografo \u00e8 il modo migliore per costruire ricordi indimenticabili del tuo amore speciale&#8230; lascia che questa storia ti ispiri!<\/p>\n","protected":false},"author":1,"featured_media":24957,"comment_status":"closed","ping_status":"closed","sticky":false,"template":"","format":"standard","meta":{"_jetpack_memberships_contains_paid_content":false,"footnotes":""},"categories":[1508,732,19,740,1499],"tags":[1429,1427,1428,1550,1430],"class_list":{"0":"post-31401","1":"post","2":"type-post","3":"status-publish","4":"format-standard","5":"has-post-thumbnail","7":"category-foto-di-fidanzati","8":"category-fotografia-fidanzati","9":"category-matrimoni","10":"category-matrimoni-firenze","11":"category-prematrimoniale-it","12":"tag-foto-di-fidanzamento","13":"tag-foto-di-matrimonio","14":"tag-foto-prematrimoniali","15":"tag-pre-wedding-photos-it","16":"tag-villa-le-fontanelle-it"},"aioseo_notices":[],"jetpack_featured_media_url":"https:\/\/www.gabrielefani.com\/wp-content\/uploads\/2019\/02\/093-Timeless-classic-elegant-wedding-portrait-Florence-Ponte-Vecchio.jpg","jetpack_shortlink":"https:\/\/wp.me\/p9CXqK-8at","jetpack_sharing_enabled":true,"_links":{"self":[{"href":"https:\/\/www.gabrielefani.com\/it\/wp-json\/wp\/v2\/posts\/31401","targetHints":{"allow":["GET"]}}],"collection":[{"href":"https:\/\/www.gabrielefani.com\/it\/wp-json\/wp\/v2\/posts"}],"about":[{"href":"https:\/\/www.gabrielefani.com\/it\/wp-json\/wp\/v2\/types\/post"}],"author":[{"embeddable":true,"href":"https:\/\/www.gabrielefani.com\/it\/wp-json\/wp\/v2\/users\/1"}],"replies":[{"embeddable":true,"href":"https:\/\/www.gabrielefani.com\/it\/wp-json\/wp\/v2\/comments?post=31401"}],"version-history":[{"count":5,"href":"https:\/\/www.gabrielefani.com\/it\/wp-json\/wp\/v2\/posts\/31401\/revisions"}],"predecessor-version":[{"id":31406,"href":"https:\/\/www.gabrielefani.com\/it\/wp-json\/wp\/v2\/posts\/31401\/revisions\/31406"}],"wp:featuredmedia":[{"embeddable":true,"href":"https:\/\/www.gabrielefani.com\/it\/wp-json\/wp\/v2\/media\/24957"}],"wp:attachment":[{"href":"https:\/\/www.gabrielefani.com\/it\/wp-json\/wp\/v2\/media?parent=31401"}],"wp:term":[{"taxonomy":"category","embeddable":true,"href":"https:\/\/www.gabrielefani.com\/it\/wp-json\/wp\/v2\/categories?post=31401"},{"taxonomy":"post_tag","embeddable":true,"href":"https:\/\/www.gabrielefani.com\/it\/wp-json\/wp\/v2\/tags?post=31401"}],"curies":[{"name":"wp","href":"https:\/\/api.w.org\/{rel}","templated":true}]}}