{"id":2634,"date":"2013-05-06T12:32:29","date_gmt":"2013-05-06T10:32:29","guid":{"rendered":"http:\/\/www.gabrielefani.com\/?p=2634"},"modified":"2018-03-15T17:29:03","modified_gmt":"2018-03-15T16:29:03","slug":"aileen-sean-matrimonio-a-firenze","status":"publish","type":"post","link":"https:\/\/www.gabrielefani.com\/it\/aileen-sean-matrimonio-a-firenze\/","title":{"rendered":"Il matrimonio di Aileen &#038; Sean"},"content":{"rendered":"<p>Aileen &amp; Sean | Matrimonio a Firenze<\/p>\n<p>Venuedel Matrimonio: <a title=\"Villa Le Piazzole\" href=\"http:\/\/www.lepiazzole.com\/lepiazzole\/home-it.html\" target=\"_blank\">Villa Le Piazzole<\/a><\/p>\n<p>Carissimi, \u00e8 con grande piacere che oggi pubblico in anteprima qualche immagine del matrimonio di Aileen &amp; Sean celebrato lo scorso 4 maggio al monastero della Certosa di Firenze.<\/p>\n<p>Aileen e Sean vengono dalla Svizzera e hanno organizzato il loro matrimonio invitanto solamente i parenti e gli amici pi\u00f9 stretti comunque provenienti da tutto il mondo (Svizzera, Australia, Irlanda e Scozia) . Sessantadue persone che hanno assaporato pienamente ogni sfumatura della giornata e che sono sicuro non dimenticheranno.<\/p>\n<p>Semplicemente indimenticabile il modo in cui sono stato accolto dalla famiglia di Aileen quando mi sono presentato alla <a title=\"Villa Le Piazzole\" href=\"http:\/\/www.lepiazzole.com\/lepiazzole\/home-it.html\" target=\"_blank\">Villa Le Piazzole<\/a> per iniziare la preparazione della sposa (getting ready). Una gentilezza, una sensibilit\u00e0 e disponibilit\u00e0 davvero ammirabili. Non da meno ovviamente Sean che si \u00e8 rivelato un vero gentlement.<\/p>\n<p>Altrettanto fantastici gli amici, letteralmente scatenati nell&#8217;animare il party. L&#8217;alcol scorreva davvero a fiumi, ed \u00e8 stato bello.<\/p>\n<p><img loading=\"lazy\" decoding=\"async\" class=\"pp-insert-all size-full aligncenter\" title=\"Foto degli sposi Aileen &amp; Sean a Villa Le Piazzole, Firenze\" src=\"http:\/\/www.gabrielefani.com\/wp-content\/uploads\/2013\/05\/AileenSean_004gabriele.jpg\" alt=\"\" width=\"900\" height=\"443\" \/><img loading=\"lazy\" decoding=\"async\" class=\"pp-insert-all size-full aligncenter\" src=\"http:\/\/www.gabrielefani.com\/wp-content\/uploads\/2013\/05\/StudiobononPhotography_AileenSean_VillaLePiazzole_002.jpg\" alt=\"\" width=\"900\" height=\"599\" \/><img loading=\"lazy\" decoding=\"async\" class=\"pp-insert-all size-full aligncenter\" src=\"http:\/\/www.gabrielefani.com\/wp-content\/uploads\/2013\/05\/StudiobononPhotography_AileenSean_VillaLePiazzole_003.jpg\" alt=\"\" width=\"900\" height=\"412\" \/><img loading=\"lazy\" decoding=\"async\" class=\"pp-insert-all size-full aligncenter\" src=\"http:\/\/www.gabrielefani.com\/wp-content\/uploads\/2013\/05\/StudiobononPhotography_AileenSean_VillaLePiazzole_004.jpg\" alt=\"\" width=\"900\" height=\"599\" \/><img loading=\"lazy\" decoding=\"async\" class=\"pp-insert-all size-full aligncenter\" src=\"http:\/\/www.gabrielefani.com\/wp-content\/uploads\/2013\/05\/StudiobononPhotography_AileenSean_VillaLePiazzole_005.jpg\" alt=\"\" width=\"900\" height=\"599\" \/><img loading=\"lazy\" decoding=\"async\" class=\"pp-insert-all size-full aligncenter\" src=\"http:\/\/www.gabrielefani.com\/wp-content\/uploads\/2013\/05\/StudiobononPhotography_AileenSean_VillaLePiazzole_007.jpg\" alt=\"\" width=\"900\" height=\"1352\" \/><img loading=\"lazy\" decoding=\"async\" class=\"pp-insert-all size-full aligncenter\" src=\"http:\/\/www.gabrielefani.com\/wp-content\/uploads\/2013\/05\/StudiobononPhotography_AileenSean_VillaLePiazzole_008.jpg\" alt=\"\" width=\"900\" height=\"298\" \/><img loading=\"lazy\" decoding=\"async\" class=\"pp-insert-all size-full aligncenter\" src=\"http:\/\/www.gabrielefani.com\/wp-content\/uploads\/2013\/05\/StudiobononPhotography_AileenSean_VillaLePiazzole_009.jpg\" alt=\"\" width=\"900\" height=\"315\" \/><img loading=\"lazy\" decoding=\"async\" class=\"pp-insert-all size-full aligncenter\" src=\"http:\/\/www.gabrielefani.com\/wp-content\/uploads\/2013\/05\/StudiobononPhotography_AileenSean_VillaLePiazzole_010.jpg\" alt=\"\" width=\"900\" height=\"599\" \/><img loading=\"lazy\" decoding=\"async\" class=\"pp-insert-all size-full aligncenter\" src=\"http:\/\/www.gabrielefani.com\/wp-content\/uploads\/2013\/05\/StudiobononPhotography_AileenSean_VillaLePiazzole_011.jpg\" alt=\"\" width=\"900\" height=\"298\" \/><img loading=\"lazy\" decoding=\"async\" class=\"pp-insert-all size-full aligncenter\" src=\"http:\/\/www.gabrielefani.com\/wp-content\/uploads\/2013\/05\/StudiobononPhotography_AileenSean_VillaLePiazzole_012.jpg\" alt=\"\" width=\"900\" height=\"673\" \/><img loading=\"lazy\" decoding=\"async\" class=\"pp-insert-all size-full aligncenter\" src=\"http:\/\/www.gabrielefani.com\/wp-content\/uploads\/2013\/05\/StudiobononPhotography_AileenSean_VillaLePiazzole_013.jpg\" alt=\"\" width=\"900\" height=\"599\" \/><img loading=\"lazy\" decoding=\"async\" class=\"pp-insert-all size-full aligncenter\" src=\"http:\/\/www.gabrielefani.com\/wp-content\/uploads\/2013\/05\/StudiobononPhotography_AileenSean_VillaLePiazzole_014.jpg\" alt=\"\" width=\"900\" height=\"599\" \/><img loading=\"lazy\" decoding=\"async\" class=\"pp-insert-all size-full aligncenter\" src=\"http:\/\/www.gabrielefani.com\/wp-content\/uploads\/2013\/05\/StudiobononPhotography_AileenSean_VillaLePiazzole_015.jpg\" alt=\"\" width=\"900\" height=\"599\" \/><img loading=\"lazy\" decoding=\"async\" class=\"pp-insert-all size-full aligncenter\" src=\"http:\/\/www.gabrielefani.com\/wp-content\/uploads\/2013\/05\/StudiobononPhotography_AileenSean_VillaLePiazzole_017.jpg\" alt=\"\" width=\"900\" height=\"298\" \/><img loading=\"lazy\" decoding=\"async\" class=\"pp-insert-all size-full aligncenter\" src=\"http:\/\/www.gabrielefani.com\/wp-content\/uploads\/2013\/05\/StudiobononPhotography_AileenSean_VillaLePiazzole_018.jpg\" alt=\"\" width=\"900\" height=\"599\" \/><img loading=\"lazy\" decoding=\"async\" class=\"pp-insert-all size-full aligncenter\" src=\"http:\/\/www.gabrielefani.com\/wp-content\/uploads\/2013\/05\/StudiobononPhotography_AileenSean_VillaLePiazzole_019.jpg\" alt=\"\" width=\"900\" height=\"599\" \/><img loading=\"lazy\" decoding=\"async\" class=\"pp-insert-all size-full aligncenter\" src=\"http:\/\/www.gabrielefani.com\/wp-content\/uploads\/2013\/05\/StudiobononPhotography_AileenSean_VillaLePiazzole_020.jpg\" alt=\"\" width=\"900\" height=\"599\" \/><img loading=\"lazy\" decoding=\"async\" class=\"pp-insert-all size-full aligncenter\" src=\"http:\/\/www.gabrielefani.com\/wp-content\/uploads\/2013\/05\/StudiobononPhotography_AileenSean_VillaLePiazzole_021.jpg\" alt=\"\" width=\"900\" height=\"599\" \/><img loading=\"lazy\" decoding=\"async\" class=\"pp-insert-all size-full aligncenter\" src=\"http:\/\/www.gabrielefani.com\/wp-content\/uploads\/2013\/05\/StudiobononPhotography_AileenSean_VillaLePiazzole_022.jpg\" alt=\"\" width=\"900\" height=\"298\" \/><img loading=\"lazy\" decoding=\"async\" class=\"pp-insert-all size-full aligncenter\" src=\"http:\/\/www.gabrielefani.com\/wp-content\/uploads\/2013\/05\/StudiobononPhotography_AileenSean_VillaLePiazzole_023.jpg\" alt=\"\" width=\"900\" height=\"599\" \/><img loading=\"lazy\" decoding=\"async\" class=\"pp-insert-all size-full aligncenter\" src=\"http:\/\/www.gabrielefani.com\/wp-content\/uploads\/2013\/05\/StudiobononPhotography_AileenSean_VillaLePiazzole_024.jpg\" alt=\"\" width=\"900\" height=\"599\" \/><img loading=\"lazy\" decoding=\"async\" class=\"pp-insert-all size-full aligncenter\" src=\"http:\/\/www.gabrielefani.com\/wp-content\/uploads\/2013\/05\/StudiobononPhotography_AileenSean_VillaLePiazzole_025.jpg\" alt=\"\" width=\"900\" height=\"599\" \/><img loading=\"lazy\" decoding=\"async\" class=\"pp-insert-all size-full aligncenter\" src=\"http:\/\/www.gabrielefani.com\/wp-content\/uploads\/2013\/05\/StudiobononPhotography_AileenSean_VillaLePiazzole_026.jpg\" alt=\"\" width=\"900\" height=\"599\" \/><img loading=\"lazy\" decoding=\"async\" class=\"pp-insert-all size-full aligncenter\" src=\"http:\/\/www.gabrielefani.com\/wp-content\/uploads\/2013\/05\/StudiobononPhotography_AileenSean_VillaLePiazzole_027.jpg\" alt=\"\" width=\"900\" height=\"599\" \/><img loading=\"lazy\" decoding=\"async\" class=\"pp-insert-all size-full aligncenter\" src=\"http:\/\/www.gabrielefani.com\/wp-content\/uploads\/2013\/05\/StudiobononPhotography_AileenSean_VillaLePiazzole_028.jpg\" alt=\"\" width=\"900\" height=\"599\" \/><img loading=\"lazy\" decoding=\"async\" class=\"pp-insert-all size-full aligncenter\" src=\"http:\/\/www.gabrielefani.com\/wp-content\/uploads\/2013\/05\/StudiobononPhotography_AileenSean_VillaLePiazzole_029.jpg\" alt=\"\" width=\"900\" height=\"599\" \/><img loading=\"lazy\" decoding=\"async\" class=\"pp-insert-all size-full aligncenter\" src=\"http:\/\/www.gabrielefani.com\/wp-content\/uploads\/2013\/05\/StudiobononPhotography_AileenSean_VillaLePiazzole_030.jpg\" alt=\"\" width=\"900\" height=\"636\" \/><img loading=\"lazy\" decoding=\"async\" class=\"pp-insert-all size-full aligncenter\" src=\"http:\/\/www.gabrielefani.com\/wp-content\/uploads\/2013\/05\/StudiobononPhotography_AileenSean_VillaLePiazzole_031.jpg\" alt=\"\" width=\"900\" height=\"599\" \/><img loading=\"lazy\" decoding=\"async\" class=\"pp-insert-all size-full aligncenter\" src=\"http:\/\/www.gabrielefani.com\/wp-content\/uploads\/2013\/05\/StudiobononPhotography_AileenSean_VillaLePiazzole_032.jpg\" alt=\"\" width=\"900\" height=\"599\" \/><img loading=\"lazy\" decoding=\"async\" class=\"pp-insert-all size-full aligncenter\" src=\"http:\/\/www.gabrielefani.com\/wp-content\/uploads\/2013\/05\/StudiobononPhotography_AileenSean_VillaLePiazzole_033.jpg\" alt=\"\" width=\"900\" height=\"599\" \/><img loading=\"lazy\" decoding=\"async\" class=\"pp-insert-all size-full aligncenter\" src=\"http:\/\/www.gabrielefani.com\/wp-content\/uploads\/2013\/05\/StudiobononPhotography_AileenSean_VillaLePiazzole_034.jpg\" alt=\"\" width=\"900\" height=\"599\" \/><img loading=\"lazy\" decoding=\"async\" class=\"pp-insert-all size-full aligncenter\" src=\"http:\/\/www.gabrielefani.com\/wp-content\/uploads\/2013\/05\/StudiobononPhotography_AileenSean_VillaLePiazzole_035.jpg\" alt=\"\" width=\"900\" height=\"599\" \/><img loading=\"lazy\" decoding=\"async\" class=\"pp-insert-all size-full aligncenter\" src=\"http:\/\/www.gabrielefani.com\/wp-content\/uploads\/2013\/05\/StudiobononPhotography_AileenSean_VillaLePiazzole_036.jpg\" alt=\"\" width=\"900\" height=\"298\" \/><img loading=\"lazy\" decoding=\"async\" class=\"pp-insert-all size-full aligncenter\" src=\"http:\/\/www.gabrielefani.com\/wp-content\/uploads\/2013\/05\/StudiobononPhotography_AileenSean_VillaLePiazzole_037.jpg\" alt=\"\" width=\"900\" height=\"599\" \/><img loading=\"lazy\" decoding=\"async\" class=\"pp-insert-all size-full aligncenter\" src=\"http:\/\/www.gabrielefani.com\/wp-content\/uploads\/2013\/05\/StudiobononPhotography_AileenSean_VillaLePiazzole_038.jpg\" alt=\"\" width=\"900\" height=\"413\" \/><img loading=\"lazy\" decoding=\"async\" class=\"pp-insert-all size-full aligncenter\" src=\"http:\/\/www.gabrielefani.com\/wp-content\/uploads\/2013\/05\/StudiobononPhotography_AileenSean_VillaLePiazzole_039.jpg\" alt=\"\" width=\"900\" height=\"298\" \/><img loading=\"lazy\" decoding=\"async\" class=\"pp-insert-all size-full aligncenter\" src=\"http:\/\/www.gabrielefani.com\/wp-content\/uploads\/2013\/05\/StudiobononPhotography_AileenSean_VillaLePiazzole_040.jpg\" alt=\"\" width=\"900\" height=\"599\" \/><img loading=\"lazy\" decoding=\"async\" class=\"pp-insert-all size-full aligncenter\" src=\"http:\/\/www.gabrielefani.com\/wp-content\/uploads\/2013\/05\/StudiobononPhotography_AileenSean_VillaLePiazzole_041.jpg\" alt=\"\" width=\"900\" height=\"599\" \/><img loading=\"lazy\" decoding=\"async\" class=\"pp-insert-all size-full aligncenter\" src=\"http:\/\/www.gabrielefani.com\/wp-content\/uploads\/2013\/05\/StudiobononPhotography_AileenSean_VillaLePiazzole_042.jpg\" alt=\"\" width=\"900\" height=\"599\" \/><img loading=\"lazy\" decoding=\"async\" class=\"pp-insert-all size-full aligncenter\" src=\"http:\/\/www.gabrielefani.com\/wp-content\/uploads\/2013\/05\/StudiobononPhotography_AileenSean_VillaLePiazzole_043.jpg\" alt=\"\" width=\"900\" height=\"298\" \/><img loading=\"lazy\" decoding=\"async\" class=\"pp-insert-all size-full aligncenter\" src=\"http:\/\/www.gabrielefani.com\/wp-content\/uploads\/2013\/05\/StudiobononPhotography_AileenSean_VillaLePiazzole_044.jpg\" alt=\"\" width=\"900\" height=\"599\" \/><img loading=\"lazy\" decoding=\"async\" class=\"pp-insert-all size-full aligncenter\" src=\"http:\/\/www.gabrielefani.com\/wp-content\/uploads\/2013\/05\/StudiobononPhotography_AileenSean_VillaLePiazzole_045.jpg\" alt=\"\" width=\"900\" height=\"599\" \/><img loading=\"lazy\" decoding=\"async\" class=\"pp-insert-all size-full aligncenter\" src=\"http:\/\/www.gabrielefani.com\/wp-content\/uploads\/2013\/05\/StudiobononPhotography_AileenSean_VillaLePiazzole_046.jpg\" alt=\"\" width=\"900\" height=\"298\" \/><img loading=\"lazy\" decoding=\"async\" class=\"pp-insert-all size-full aligncenter\" src=\"http:\/\/www.gabrielefani.com\/wp-content\/uploads\/2013\/05\/StudiobononPhotography_AileenSean_VillaLePiazzole_048.jpg\" alt=\"\" width=\"900\" height=\"413\" \/><img loading=\"lazy\" decoding=\"async\" class=\"pp-insert-all size-full aligncenter\" src=\"http:\/\/www.gabrielefani.com\/wp-content\/uploads\/2013\/05\/StudiobononPhotography_AileenSean_VillaLePiazzole_049.jpg\" alt=\"\" width=\"900\" height=\"599\" \/><img loading=\"lazy\" decoding=\"async\" class=\"pp-insert-all size-full aligncenter\" src=\"http:\/\/www.gabrielefani.com\/wp-content\/uploads\/2013\/05\/StudiobononPhotography_AileenSean_VillaLePiazzole_050.jpg\" alt=\"\" width=\"900\" height=\"298\" \/><img loading=\"lazy\" decoding=\"async\" class=\"pp-insert-all size-full aligncenter\" src=\"http:\/\/www.gabrielefani.com\/wp-content\/uploads\/2013\/05\/StudiobononPhotography_AileenSean_VillaLePiazzole_051.jpg\" alt=\"\" width=\"900\" height=\"599\" \/><img loading=\"lazy\" decoding=\"async\" class=\"pp-insert-all size-full aligncenter\" src=\"http:\/\/www.gabrielefani.com\/wp-content\/uploads\/2013\/05\/StudiobononPhotography_AileenSean_VillaLePiazzole_052.jpg\" alt=\"\" width=\"900\" height=\"636\" \/><img loading=\"lazy\" decoding=\"async\" class=\"pp-insert-all size-full aligncenter\" src=\"http:\/\/www.gabrielefani.com\/wp-content\/uploads\/2013\/05\/StudiobononPhotography_AileenSean_VillaLePiazzole_053.jpg\" alt=\"\" width=\"900\" height=\"599\" \/><img loading=\"lazy\" decoding=\"async\" class=\"pp-insert-all size-full aligncenter\" src=\"http:\/\/www.gabrielefani.com\/wp-content\/uploads\/2013\/05\/StudiobononPhotography_AileenSean_VillaLePiazzole_054.jpg\" alt=\"\" width=\"900\" height=\"599\" \/><img loading=\"lazy\" decoding=\"async\" class=\"pp-insert-all size-full aligncenter\" src=\"http:\/\/www.gabrielefani.com\/wp-content\/uploads\/2013\/05\/StudiobononPhotography_AileenSean_VillaLePiazzole_055.jpg\" alt=\"\" width=\"900\" height=\"599\" \/><img loading=\"lazy\" decoding=\"async\" class=\"pp-insert-all size-full aligncenter\" src=\"http:\/\/www.gabrielefani.com\/wp-content\/uploads\/2013\/05\/StudiobononPhotography_AileenSean_VillaLePiazzole_056.jpg\" alt=\"\" width=\"900\" height=\"298\" \/><img loading=\"lazy\" decoding=\"async\" class=\"pp-insert-all size-full aligncenter\" src=\"http:\/\/www.gabrielefani.com\/wp-content\/uploads\/2013\/05\/StudiobononPhotography_AileenSean_VillaLePiazzole_057.jpg\" alt=\"\" width=\"900\" height=\"298\" \/><img loading=\"lazy\" decoding=\"async\" class=\"pp-insert-all size-full aligncenter\" src=\"http:\/\/www.gabrielefani.com\/wp-content\/uploads\/2013\/05\/StudiobononPhotography_AileenSean_VillaLePiazzole_058.jpg\" alt=\"\" width=\"900\" height=\"599\" \/><img loading=\"lazy\" decoding=\"async\" class=\"pp-insert-all size-full aligncenter\" src=\"http:\/\/www.gabrielefani.com\/wp-content\/uploads\/2013\/05\/StudiobononPhotography_AileenSean_VillaLePiazzole_059.jpg\" alt=\"\" width=\"900\" height=\"599\" \/><\/p>\n","protected":false},"excerpt":{"rendered":"<p>Aileen &amp; Sean | Matrimonio a Firenze Venuedel Matrimonio: Villa Le Piazzole Carissimi, \u00e8 con grande piacere che oggi pubblico in anteprima qualche immagine del matrimonio di Aileen &amp; Sean celebrato lo scorso 4 maggio al monastero della Certosa di Firenze. Aileen e Sean vengono dalla Svizzera e hanno organizzato il loro matrimonio invitanto solamente [&hellip;]<\/p>\n","protected":false},"author":1,"featured_media":2635,"comment_status":"open","ping_status":"open","sticky":false,"template":"","format":"standard","meta":{"_jetpack_memberships_contains_paid_content":false,"footnotes":""},"categories":[19],"tags":[311,310,309],"class_list":{"0":"post-2634","1":"post","2":"type-post","3":"status-publish","4":"format-standard","5":"has-post-thumbnail","7":"category-matrimoni","8":"tag-foto-di-sposi-a-firenze-in-villa-le-piazzole","9":"tag-foto-di-sposi-a-villa-le-piazzole","10":"tag-matrimonio-a-villa-le-piazzole"},"aioseo_notices":[],"jetpack_featured_media_url":"https:\/\/www.gabrielefani.com\/wp-content\/uploads\/2013\/05\/AileenSean_004gabriele.jpg","jetpack_shortlink":"https:\/\/wp.me\/p9CXqK-Gu","jetpack_sharing_enabled":true,"_links":{"self":[{"href":"https:\/\/www.gabrielefani.com\/it\/wp-json\/wp\/v2\/posts\/2634","targetHints":{"allow":["GET"]}}],"collection":[{"href":"https:\/\/www.gabrielefani.com\/it\/wp-json\/wp\/v2\/posts"}],"about":[{"href":"https:\/\/www.gabrielefani.com\/it\/wp-json\/wp\/v2\/types\/post"}],"author":[{"embeddable":true,"href":"https:\/\/www.gabrielefani.com\/it\/wp-json\/wp\/v2\/users\/1"}],"replies":[{"embeddable":true,"href":"https:\/\/www.gabrielefani.com\/it\/wp-json\/wp\/v2\/comments?post=2634"}],"version-history":[{"count":8,"href":"https:\/\/www.gabrielefani.com\/it\/wp-json\/wp\/v2\/posts\/2634\/revisions"}],"predecessor-version":[{"id":6290,"href":"https:\/\/www.gabrielefani.com\/it\/wp-json\/wp\/v2\/posts\/2634\/revisions\/6290"}],"wp:featuredmedia":[{"embeddable":true,"href":"https:\/\/www.gabrielefani.com\/it\/wp-json\/wp\/v2\/media\/2635"}],"wp:attachment":[{"href":"https:\/\/www.gabrielefani.com\/it\/wp-json\/wp\/v2\/media?parent=2634"}],"wp:term":[{"taxonomy":"category","embeddable":true,"href":"https:\/\/www.gabrielefani.com\/it\/wp-json\/wp\/v2\/categories?post=2634"},{"taxonomy":"post_tag","embeddable":true,"href":"https:\/\/www.gabrielefani.com\/it\/wp-json\/wp\/v2\/tags?post=2634"}],"curies":[{"name":"wp","href":"https:\/\/api.w.org\/{rel}","templated":true}]}}